{"id":1249894,"date":"2023-01-11T18:06:16","date_gmt":"2023-01-12T00:06:16","guid":{"rendered":"https:\/\/www.acapulcopress.com\/?p=1249894"},"modified":"2023-01-11T18:06:16","modified_gmt":"2023-01-12T00:06:16","slug":"seg-y-fundacion-ninos-en-alegria-signan-convenio-interinstitucional","status":"publish","type":"post","link":"https:\/\/www.acapulcopress.com\/index.php\/2023\/01\/11\/seg-y-fundacion-ninos-en-alegria-signan-convenio-interinstitucional\/","title":{"rendered":"SEG y Fundaci\u00f3n &#8216;Ni\u00f1os en Alegr\u00eda&#8217; signan convenio interinstitucional"},"content":{"rendered":"<p style=\"text-align: justify;\">CHILPANCINGO * 11 de enero de 2022.<br \/>\n<em>) SEG<\/em><br \/>\n<img loading=\"lazy\" decoding=\"async\" class=\"alignleft size-medium wp-image-1249895\" src=\"https:\/\/www.acapulcopress.com\/wp-content\/uploads\/2023\/01\/marcial-rodriguez-saldana-375x252.jpg\" alt=\"\" width=\"375\" height=\"252\" \/>El secretario de Educaci\u00f3n en Guerrero, Marcial Rodr\u00edguez Salda\u00f1a, firm\u00f3 un convenio con la fundaci\u00f3n \u201cNi\u00f1os en Alegr\u00eda\u201d, que preside Alejandra Karin Alem\u00e1n Koidl, quien apoyar\u00e1 con infraestructura educativa, formaci\u00f3n de docentes y movilidad acad\u00e9mica de estudiantes.<\/p>\n<p style=\"text-align: justify;\">El responsable de la educaci\u00f3n en la entidad expres\u00f3 que las indicaciones de la gobernadora Evelyn Salgado Pineda son de gestionar convenios con diversas fundaciones para fortalecer la transformaci\u00f3n educativa en el Estado.<\/p>\n<p style=\"text-align: justify;\">En la firma estuvieron presentes el subsecretario de Planeaci\u00f3n Educativa, Benjam\u00edn Adame Pereyra; el titular de Asuntos Jur\u00eddicos, Roberto Cuevas Bahena; Pedro Diaz Campos, director t\u00e9cnico del Instituto Guerrerense de la Infraestructura F\u00edsica Educativa (IGIFE), en representaci\u00f3n de Hector Oyorzabal Hern\u00e1ndez Titular de dicho instituto, y servidores p\u00fablicos de la Secretar\u00eda de Educaci\u00f3n Guerrero (SEG).<\/p>\n<p><img loading=\"lazy\" decoding=\"async\" class=\"alignnone wp-image-1249896 size-large\" src=\"https:\/\/www.acapulcopress.com\/wp-content\/uploads\/2023\/01\/marcial-rodriguez-seg-840x486.jpg\" alt=\"\" width=\"696\" height=\"403\" \/><\/p>\n<p style=\"text-align: justify;\"><em>) S\u00edguenos en Facebook | @<a href=\"https:\/\/www.facebook.com\/acapulcopress.news\" target=\"_blank\" rel=\"noopener\">AcapulcoPress<\/a><\/em><\/p>\n","protected":false},"excerpt":{"rendered":"<p>CHILPANCINGO * 11 de enero de 2022. ) SEG El secretario de Educaci\u00f3n en Guerrero, Marcial Rodr\u00edguez Salda\u00f1a, firm\u00f3 un convenio con la fundaci\u00f3n \u201cNi\u00f1os en Alegr\u00eda\u201d, que preside Alejandra Karin Alem\u00e1n Koidl, quien apoyar\u00e1 con infraestructura educativa, formaci\u00f3n de docentes y movilidad acad\u00e9mica de estudiantes. El responsable de la educaci\u00f3n en la entidad expres\u00f3&#8230;<\/p>\n","protected":false},"author":2,"featured_media":1249897,"comment_status":"closed","ping_status":"closed","sticky":false,"template":"","format":"standard","meta":{"footnotes":""},"categories":[18561,2081],"tags":[3503,9004,12457,16169],"class_list":["post-1249894","post","type-post","status-publish","format-standard","has-post-thumbnail","hentry","category-society-politics","category-seg","tag-alejandra-karin-aleman-koidl","tag-fundacion-ninos-en-alegria","tag-marcial-rodriguez-saldana","tag-secretaria-de-educacion-guerrero-seg"],"_links":{"self":[{"href":"https:\/\/www.acapulcopress.com\/index.php\/wp-json\/wp\/v2\/posts\/1249894","targetHints":{"allow":["GET"]}}],"collection":[{"href":"https:\/\/www.acapulcopress.com\/index.php\/wp-json\/wp\/v2\/posts"}],"about":[{"href":"https:\/\/www.acapulcopress.com\/index.php\/wp-json\/wp\/v2\/types\/post"}],"author":[{"embeddable":true,"href":"https:\/\/www.acapulcopress.com\/index.php\/wp-json\/wp\/v2\/users\/2"}],"replies":[{"embeddable":true,"href":"https:\/\/www.acapulcopress.com\/index.php\/wp-json\/wp\/v2\/comments?post=1249894"}],"version-history":[{"count":0,"href":"https:\/\/www.acapulcopress.com\/index.php\/wp-json\/wp\/v2\/posts\/1249894\/revisions"}],"wp:featuredmedia":[{"embeddable":true,"href":"https:\/\/www.acapulcopress.com\/index.php\/wp-json\/"}],"wp:attachment":[{"href":"https:\/\/www.acapulcopress.com\/index.php\/wp-json\/wp\/v2\/media?parent=1249894"}],"wp:term":[{"taxonomy":"category","embeddable":true,"href":"https:\/\/www.acapulcopress.com\/index.php\/wp-json\/wp\/v2\/categories?post=1249894"},{"taxonomy":"post_tag","embeddable":true,"href":"https:\/\/www.acapulcopress.com\/index.php\/wp-json\/wp\/v2\/tags?post=1249894"}],"curies":[{"name":"wp","href":"https:\/\/api.w.org\/{rel}","templated":true}]}}