{"id":1249923,"date":"2023-01-11T19:59:21","date_gmt":"2023-01-12T01:59:21","guid":{"rendered":"https:\/\/www.acapulcopress.com\/?p=1249923"},"modified":"2023-01-11T19:59:21","modified_gmt":"2023-01-12T01:59:21","slug":"alejandra-del-moral-candidata-del-pan-pri-y-prd-en-el-edomex","status":"publish","type":"post","link":"https:\/\/www.acapulcopress.com\/index.php\/2023\/01\/11\/alejandra-del-moral-candidata-del-pan-pri-y-prd-en-el-edomex\/","title":{"rendered":"Alejandra del Moral, candidata del PAN, PRI y PRD en el Edomex"},"content":{"rendered":"<p style=\"text-align: justify;\">CIUDAD DE M\u00c9XICO * 11 de enero de 2022.<br \/>\n<em>) <a href=\"https:\/\/www.forbes.com.mx\/alejandra-del-moral-se-perfila-para-ser-la-candidata-del-pan-pri-prd-para-el-edomex\/\" target=\"_blank\" rel=\"noopener\">Forbes M\u00e9xico<\/a><\/em><br \/>\nLa priista Alejandra del Moral Vela se perfila como candidata de la alianza entre PAN, PRI y PRD para la gubernatura del Estado de M\u00e9xico, cuya elecci\u00f3n estatal est\u00e1 programada para <img loading=\"lazy\" decoding=\"async\" class=\"alignleft size-medium wp-image-1249927\" src=\"https:\/\/www.acapulcopress.com\/wp-content\/uploads\/2023\/01\/Alejandra-del-Moral-Edomex-375x211.jpg\" alt=\"\" width=\"375\" height=\"211\" \/>el 4 de junio del presente a\u00f1o<i>.<\/i><\/p>\n<p style=\"text-align: justify;\">Seg\u00fan fuentes consultadas por<em> Forbes M\u00e9xico,<\/em> los tres partidos tomaron esta decisi\u00f3n y la dar\u00e1n a conocer ma\u00f1ana en conferencia conjunta que realizar\u00e1n a las 11:00 horas en un hotel de Reforma.<\/p>\n<p style=\"text-align: justify;\">Esta tarde, la priista se reuni\u00f3 con el dirigente del PRD, Jes\u00fas Zambrano, y con el coordinador del mismo partido en la C\u00e1mara de Diputados, Luis Espinosa Ch\u00e1zaro.<\/p>\n<p style=\"text-align: justify;\">La aceptaci\u00f3n de Del Moral deja fuera a Omar Ortega, del PRD, y Enrique Vargas, del PAN, pol\u00edticos que buscaban abanderar la coalici\u00f3n.<\/p>\n<p style=\"text-align: justify;\">En la conferencia de ma\u00f1ana, los partidos tambi\u00e9n dar\u00e1n a conocer que los tres ir\u00e1n juntos en Coahuila, donde uno de los nombres que m\u00e1s suena es el priista <em>Manolo<\/em> Jim\u00e9nez, quien fue secretario de Inclusi\u00f3n y Desarrollo Social en el gobierno de Miguel Riquelme.<\/p>\n<p style=\"text-align: justify;\">Hasta el momento, Morena ya tiene a seleccionada a Delfina G\u00f3mez como precandidata, y candidata posteriormente, para la gubernatura del Estado de M\u00e9xico, y a Armando Guadiana para el gobierno de Coahuila.<\/p>\n<p><code><\/code><\/p>\n<blockquote class=\"twitter-tweet\">\n<p dir=\"ltr\" lang=\"es\">Un gusto recibir a Alejandra del Moral (<a href=\"https:\/\/twitter.com\/AlejandraDMV?ref_src=twsrc%5Etfw\">@AlejandraDMV<\/a>) en el <a href=\"https:\/\/twitter.com\/PRDMexico?ref_src=twsrc%5Etfw\">@PRDMexico<\/a>. Seguimos construyendo la Coalici\u00f3n que se alzar\u00e1 con la victoria en el <a href=\"https:\/\/twitter.com\/hashtag\/EstadoDeM%C3%A9xico?src=hash&amp;ref_src=twsrc%5Etfw\">#EstadoDeM\u00e9xico<\/a>. <a href=\"https:\/\/twitter.com\/hashtag\/EdoM%C3%A9x?src=hash&amp;ref_src=twsrc%5Etfw\">#EdoM\u00e9x<\/a> <a href=\"https:\/\/twitter.com\/hashtag\/SomosPRD?src=hash&amp;ref_src=twsrc%5Etfw\">#SomosPRD<\/a>\u2600\ufe0f <a href=\"https:\/\/t.co\/ECL1yJ1IcV\">pic.twitter.com\/ECL1yJ1IcV<\/a><\/p>\n<p>\u2014 Luis E. Ch\u00e1zaro (@LuisChazaroMX) <a href=\"https:\/\/twitter.com\/LuisChazaroMX\/status\/1613289136378753025?ref_src=twsrc%5Etfw\">January 11, 2023<\/a><\/p><\/blockquote>\n<p><script async src=\"https:\/\/platform.twitter.com\/widgets.js\" charset=\"utf-8\"><\/script><\/p>\n<p style=\"text-align: justify;\"><em>) S\u00edguenos en Facebook | @<a href=\"https:\/\/www.facebook.com\/acapulcopress.news\" target=\"_blank\" rel=\"noopener\">AcapulcoPress<\/a><\/em><\/p>\n","protected":false},"excerpt":{"rendered":"<p>CIUDAD DE M\u00c9XICO * 11 de enero de 2022. ) Forbes M\u00e9xico La priista Alejandra del Moral Vela se perfila como candidata de la alianza entre PAN, PRI y PRD para la gubernatura del Estado de M\u00e9xico, cuya elecci\u00f3n estatal est\u00e1 programada para el 4 de junio del presente a\u00f1o. Seg\u00fan fuentes consultadas por Forbes&#8230;<\/p>\n","protected":false},"author":2,"featured_media":1249928,"comment_status":"closed","ping_status":"closed","sticky":false,"template":"","format":"standard","meta":{"footnotes":""},"categories":[2024,1972,18561],"tags":[3499,7579,7996,12181,13297,13943,14184,14804,14914],"class_list":["post-1249923","post","type-post","status-publish","format-standard","has-post-thumbnail","hentry","category-politica-activism","category-special","category-society-politics","tag-alejandra-del-moral-vela","tag-edomex","tag-enrique-vargas","tag-luis-espinosa-chazaro","tag-morena","tag-omar-ortega","tag-pan","tag-prd","tag-pri"],"_links":{"self":[{"href":"https:\/\/www.acapulcopress.com\/index.php\/wp-json\/wp\/v2\/posts\/1249923","targetHints":{"allow":["GET"]}}],"collection":[{"href":"https:\/\/www.acapulcopress.com\/index.php\/wp-json\/wp\/v2\/posts"}],"about":[{"href":"https:\/\/www.acapulcopress.com\/index.php\/wp-json\/wp\/v2\/types\/post"}],"author":[{"embeddable":true,"href":"https:\/\/www.acapulcopress.com\/index.php\/wp-json\/wp\/v2\/users\/2"}],"replies":[{"embeddable":true,"href":"https:\/\/www.acapulcopress.com\/index.php\/wp-json\/wp\/v2\/comments?post=1249923"}],"version-history":[{"count":0,"href":"https:\/\/www.acapulcopress.com\/index.php\/wp-json\/wp\/v2\/posts\/1249923\/revisions"}],"wp:featuredmedia":[{"embeddable":true,"href":"https:\/\/www.acapulcopress.com\/index.php\/wp-json\/"}],"wp:attachment":[{"href":"https:\/\/www.acapulcopress.com\/index.php\/wp-json\/wp\/v2\/media?parent=1249923"}],"wp:term":[{"taxonomy":"category","embeddable":true,"href":"https:\/\/www.acapulcopress.com\/index.php\/wp-json\/wp\/v2\/categories?post=1249923"},{"taxonomy":"post_tag","embeddable":true,"href":"https:\/\/www.acapulcopress.com\/index.php\/wp-json\/wp\/v2\/tags?post=1249923"}],"curies":[{"name":"wp","href":"https:\/\/api.w.org\/{rel}","templated":true}]}}