{"id":1249938,"date":"2023-01-13T08:28:47","date_gmt":"2023-01-13T14:28:47","guid":{"rendered":"https:\/\/www.acapulcopress.com\/?p=1249938"},"modified":"2023-01-13T08:28:47","modified_gmt":"2023-01-13T14:28:47","slug":"participo-senador-anorve-en-presentacion-de-candidatos-de-coalicion-va-por-mexico","status":"publish","type":"post","link":"https:\/\/www.acapulcopress.com\/index.php\/2023\/01\/13\/participo-senador-anorve-en-presentacion-de-candidatos-de-coalicion-va-por-mexico\/","title":{"rendered":"Particip\u00f3 Senador A\u00f1orve en presentaci\u00f3n de candidatos de coalici\u00f3n Va por M\u00e9xico"},"content":{"rendered":"<p style=\"text-align: justify;\">CHILPANCINGO * 12 de enero de 2022.<br \/>\n) Gobierno de Guerrero<br \/>\nParticipa el Senador Manuel A\u00f1orve en la presentaci\u00f3n de la Coalici\u00f3n \u201cVa por M\u00e9xico\u201d<\/p>\n<p style=\"text-align: justify;\">Cdmx, a 12 de enero del 2023. El Senador de la Rep\u00fablica, Manuel A\u00f1orve Ba\u00f1os, particip\u00f3 en el anuncio de la Coalici\u00f3n \u201cVa por M\u00e9xico\u201d integrada por el PRI, PAN y PRD para competir en este 2023 en las elecciones a gobernador en los estados de Mexico y Coahuila y en los procesos electorales del a\u00f1o 2024.<\/p>\n<p style=\"text-align: justify;\">El Senador A\u00f1orve asegur\u00f3 que esta alianza es ganadora y que existen muchas oportunidades de triunfo en ambos estados en los que en este a\u00f1o se eligen sus gobiernos estatales.<\/p>\n<p style=\"text-align: justify;\">A\u00f1orve Ba\u00f1os, acompa\u00f1\u00f3 a los dirigentes nacionales del PRI, Alejandro Moreno C\u00e1rdenas, del PAN, Marco Cortes y Jes\u00fas Zambrano del PRD a hacer el anuncio oficial de la coalici\u00f3n.<\/p>\n<p style=\"text-align: justify;\">En este sentido, Manuel A\u00f1orve, explic\u00f3 que se acord\u00f3 que Acci\u00f3n Nacional ser\u00e1 quien conduzca la alianza y que para el proceso de Presidente de la Rep\u00fablica, la candidata o candidato ser\u00e1 el mejor posicionado de cada Instituto Pol\u00edtico e incluso se abre la posibilidad que una ciudadana o ciudadano pueda encabezar la candidatura.<\/p>\n<p style=\"text-align: justify;\">Finalmente, el legislador expres\u00f3 que celebraba que se retomaran los trabajos de la alianza Va por M\u00e9xico, ya que en los tres partidos hay mujeres y hombres que pueden abonar mucho al pa\u00eds y asegurar el triunfo en los comicios\u00a0electorales.<\/p>\n<p style=\"text-align: justify;\"><em>) S\u00edguenos en Facebook | @<a href=\"https:\/\/www.facebook.com\/acapulcopress.news\" target=\"_blank\" rel=\"noopener\">AcapulcoPress<\/a><\/em><\/p>\n","protected":false},"excerpt":{"rendered":"<p>CHILPANCINGO * 12 de enero de 2022. ) Gobierno de Guerrero Participa el Senador Manuel A\u00f1orve en la presentaci\u00f3n de la Coalici\u00f3n \u201cVa por M\u00e9xico\u201d Cdmx, a 12 de enero del 2023. El Senador de la Rep\u00fablica, Manuel A\u00f1orve Ba\u00f1os, particip\u00f3 en el anuncio de la Coalici\u00f3n \u201cVa por M\u00e9xico\u201d integrada por el PRI, PAN&#8230;<\/p>\n","protected":false},"author":2,"featured_media":1249939,"comment_status":"closed","ping_status":"closed","sticky":false,"template":"","format":"standard","meta":{"footnotes":""},"categories":[18561,2009],"tags":[2540,12366],"class_list":["post-1249938","post","type-post","status-publish","format-standard","has-post-thumbnail","hentry","category-society-politics","category-politics","tag-va-por-mexico","tag-manuel-anorve-banos"],"_links":{"self":[{"href":"https:\/\/www.acapulcopress.com\/index.php\/wp-json\/wp\/v2\/posts\/1249938","targetHints":{"allow":["GET"]}}],"collection":[{"href":"https:\/\/www.acapulcopress.com\/index.php\/wp-json\/wp\/v2\/posts"}],"about":[{"href":"https:\/\/www.acapulcopress.com\/index.php\/wp-json\/wp\/v2\/types\/post"}],"author":[{"embeddable":true,"href":"https:\/\/www.acapulcopress.com\/index.php\/wp-json\/wp\/v2\/users\/2"}],"replies":[{"embeddable":true,"href":"https:\/\/www.acapulcopress.com\/index.php\/wp-json\/wp\/v2\/comments?post=1249938"}],"version-history":[{"count":0,"href":"https:\/\/www.acapulcopress.com\/index.php\/wp-json\/wp\/v2\/posts\/1249938\/revisions"}],"wp:featuredmedia":[{"embeddable":true,"href":"https:\/\/www.acapulcopress.com\/index.php\/wp-json\/"}],"wp:attachment":[{"href":"https:\/\/www.acapulcopress.com\/index.php\/wp-json\/wp\/v2\/media?parent=1249938"}],"wp:term":[{"taxonomy":"category","embeddable":true,"href":"https:\/\/www.acapulcopress.com\/index.php\/wp-json\/wp\/v2\/categories?post=1249938"},{"taxonomy":"post_tag","embeddable":true,"href":"https:\/\/www.acapulcopress.com\/index.php\/wp-json\/wp\/v2\/tags?post=1249938"}],"curies":[{"name":"wp","href":"https:\/\/api.w.org\/{rel}","templated":true}]}}