{"id":1249941,"date":"2023-01-13T22:55:44","date_gmt":"2023-01-14T04:55:44","guid":{"rendered":"https:\/\/www.acapulcopress.com\/?p=1249941"},"modified":"2023-01-13T22:55:44","modified_gmt":"2023-01-14T04:55:44","slug":"pt-presenta-a-mejia-como-su-candidato-a-coahuila","status":"publish","type":"post","link":"https:\/\/www.acapulcopress.com\/index.php\/2023\/01\/13\/pt-presenta-a-mejia-como-su-candidato-a-coahuila\/","title":{"rendered":"PT presenta a Mej\u00eda como su candidato a Coahuila"},"content":{"rendered":"<p style=\"text-align: justify;\">CIUDAD DE M\u00c9XICO * 13 de enero de 2022.<br \/>\n<em>) <a href=\"https:\/\/www.forbes.com.mx\/ricardo-mejia-rompe-con-morena-y-sera-candidato-del-pt-en-coahuila\/\" target=\"_blank\" rel=\"noopener\">Forbes M\u00e9xico<\/a><\/em><br \/>\nLuego de la renuncia de Ricardo Mej\u00eda como subsecretario de Seguridad federal, el PT anunci\u00f3 que lo llevar\u00e1 como candidato a la gubernatura de Coahuila.<\/p>\n<p style=\"text-align: justify;\">En conferencia de prensa, el senador Alejandro Gonz\u00e1lez Y\u00e1\u00f1ez explic\u00f3 que desde agosto de 2022, el PT estatal propuso llevar al ahora exfuncionario como candidato a la gubernatura, por lo que la dirigencia nacional decidi\u00f3 respaldar esa propuesta.<\/p>\n<p style=\"text-align: justify;\">\u201cDesde agosto del a\u00f1o pasado, el PT en Coahuila nos hizo de conocimiento que ten\u00eda como propuesto para abanderar para la gubernatura a Ricardo Mej\u00eda. Esta propuesta surgi\u00f3 desde agosto de a\u00f1o pasado. (\u2026) La direcci\u00f3n nacional del PT avala en sus t\u00e9rminos la decisi\u00f3n que ha tomado el PT coahuilense\u201d, dijo el petista.<\/p>\n<p style=\"text-align: justify;\">En su turno, el dirigente nacional del partido, Alberto Anaya, se\u00f1al\u00f3 que una de las condiciones que le pusieron a Ricardo Mej\u00eda es \u201csu lealtad al proyecto de naci\u00f3n de L\u00f3pez Obrador y el compromiso de encabezar en Coahuila la transformaci\u00f3n\u201d.<\/p>\n<p style=\"text-align: justify;\">Mientras, Ricardo Mej\u00eda record\u00f3 que por la ma\u00f1ana present\u00f3 su renuncia como subsecretario de Seguridad, por lo que le agradeci\u00f3 al presidente Andr\u00e9s Manuel L\u00f3pez Obrador la oportunidad que le dio para servirle al pa\u00eds.<\/p>\n<p style=\"text-align: justify;\">\u201cHe concluido un ciclo como servidor p\u00fablico. He dado mi agradecimiento fraternal, humano a nuestro l\u00edder L\u00f3pez Obrador por la oportunidad (\u2026) He tomado esta decisi\u00f3n agradeciendo siempre la vocaci\u00f3n democr\u00e1tica de nuestro presidente AMLO\u201d, declar\u00f3.<\/p>\n<p style=\"text-align: justify;\">Ricardo Mej\u00eda particip\u00f3 en la encuesta que realiz\u00f3 Morena para determinar a su abanderado a la gubernatura de Coahuila, pero perdi\u00f3 ante Armando Guadiana, por lo que se inconform\u00f3 y termin\u00f3 renunciando hoy a su cargo en el gobierno federal.<\/p>\n<div style=\"width: 640px;\" class=\"wp-video\"><video class=\"wp-video-shortcode\" id=\"video-1249941-1\" width=\"640\" height=\"360\" preload=\"metadata\" controls=\"controls\"><source type=\"video\/mp4\" src=\"https:\/\/www.acapulcopress.com\/wp-content\/uploads\/2023\/01\/MEJIA-PT.mp4?_=1\" \/><a href=\"https:\/\/www.acapulcopress.com\/wp-content\/uploads\/2023\/01\/MEJIA-PT.mp4\">https:\/\/www.acapulcopress.com\/wp-content\/uploads\/2023\/01\/MEJIA-PT.mp4<\/a><\/video><\/div>\n<p style=\"text-align: justify;\"><em>) S\u00edguenos en Facebook | @<a href=\"https:\/\/www.facebook.com\/acapulcopress.news\" target=\"_blank\" rel=\"noopener\">AcapulcoPress<\/a><\/em><\/p>\n","protected":false},"excerpt":{"rendered":"<p>CIUDAD DE M\u00c9XICO * 13 de enero de 2022. ) Forbes M\u00e9xico Luego de la renuncia de Ricardo Mej\u00eda como subsecretario de Seguridad federal, el PT anunci\u00f3 que lo llevar\u00e1 como candidato a la gubernatura de Coahuila. En conferencia de prensa, el senador Alejandro Gonz\u00e1lez Y\u00e1\u00f1ez explic\u00f3 que desde agosto de 2022, el PT estatal&#8230;<\/p>\n","protected":false},"author":2,"featured_media":1249943,"comment_status":"closed","ping_status":"closed","sticky":false,"template":"","format":"standard","meta":{"footnotes":""},"categories":[1997],"tags":[3793,3896,15130,15603],"class_list":["post-1249941","post","type-post","status-publish","format-standard","has-post-thumbnail","hentry","category-noticias-destacadas","tag-amlo","tag-andres-manuel-lopez-obrador","tag-pt","tag-ricardo-sostenes-mejia-berdeja"],"_links":{"self":[{"href":"https:\/\/www.acapulcopress.com\/index.php\/wp-json\/wp\/v2\/posts\/1249941","targetHints":{"allow":["GET"]}}],"collection":[{"href":"https:\/\/www.acapulcopress.com\/index.php\/wp-json\/wp\/v2\/posts"}],"about":[{"href":"https:\/\/www.acapulcopress.com\/index.php\/wp-json\/wp\/v2\/types\/post"}],"author":[{"embeddable":true,"href":"https:\/\/www.acapulcopress.com\/index.php\/wp-json\/wp\/v2\/users\/2"}],"replies":[{"embeddable":true,"href":"https:\/\/www.acapulcopress.com\/index.php\/wp-json\/wp\/v2\/comments?post=1249941"}],"version-history":[{"count":0,"href":"https:\/\/www.acapulcopress.com\/index.php\/wp-json\/wp\/v2\/posts\/1249941\/revisions"}],"wp:featuredmedia":[{"embeddable":true,"href":"https:\/\/www.acapulcopress.com\/index.php\/wp-json\/"}],"wp:attachment":[{"href":"https:\/\/www.acapulcopress.com\/index.php\/wp-json\/wp\/v2\/media?parent=1249941"}],"wp:term":[{"taxonomy":"category","embeddable":true,"href":"https:\/\/www.acapulcopress.com\/index.php\/wp-json\/wp\/v2\/categories?post=1249941"},{"taxonomy":"post_tag","embeddable":true,"href":"https:\/\/www.acapulcopress.com\/index.php\/wp-json\/wp\/v2\/tags?post=1249941"}],"curies":[{"name":"wp","href":"https:\/\/api.w.org\/{rel}","templated":true}]}}