{"id":1249954,"date":"2023-01-16T18:09:55","date_gmt":"2023-01-17T00:09:55","guid":{"rendered":"https:\/\/www.acapulcopress.com\/?p=1249954"},"modified":"2023-01-16T18:09:55","modified_gmt":"2023-01-17T00:09:55","slug":"acapulco-sin-afecciones-por-sismo-de-4-0-grados-de-las-1619-horas-de-hoy","status":"publish","type":"post","link":"https:\/\/www.acapulcopress.com\/index.php\/2023\/01\/16\/acapulco-sin-afecciones-por-sismo-de-4-0-grados-de-las-1619-horas-de-hoy\/","title":{"rendered":"Acapulco sin afecciones por sismo de 4.0 grados de las 16:19 horas de hoy"},"content":{"rendered":"<p style=\"text-align: justify;\">CHILPANCINGO * 16 de enero de 2022.<br \/>\n<em>)\u00a0 Protecci\u00f3n Civil Guerrero<\/em><br \/>\nLuego de haber activado los protocolos correspondientes, la Secretar\u00eda de Gesti\u00f3n Integral de Riesgos y Protecci\u00f3n Civil de Guerrero, no reporta ninguna afectaci\u00f3n a consecuencia del sismo de magnitud 4.0, que se registr\u00f3 la tarde de este lunes con epicentro en el municipio de Acapulco.<\/p>\n<p style=\"text-align: justify;\">El movimiento que se registr\u00f3 a las 16:19 horas de este d\u00eda lunes 16 de enero, se percibi\u00f3 de manera ligera en algunas zonas del Puerto de Acapulco.<\/p>\n<p style=\"text-align: justify;\">De inmediato se activaron los protocolos correspondientes en caso de sismos, y en coordinaci\u00f3n con autoridades municipales se realizaron recorridos por los puntos considerados como de alto riesgo, no encontr\u00e1ndose ning\u00fan tipo de afectaci\u00f3n, que represente un riesgo para la poblaci\u00f3n en general.<\/p>\n<p style=\"text-align: justify;\">La dependencia estatal recomienda atender las indicaciones de las autoridades, no propagar rumores y reportar cualquier incidencia al n\u00famero de emergencias\u00a0911.<\/p>\n<p style=\"text-align: justify;\"><em>) S\u00edguenos en Facebook | @<a href=\"https:\/\/www.facebook.com\/acapulcopress.news\" target=\"_blank\" rel=\"noopener\">AcapulcoPress<\/a><\/em><\/p>\n","protected":false},"excerpt":{"rendered":"<p>CHILPANCINGO * 16 de enero de 2022. )\u00a0 Protecci\u00f3n Civil Guerrero Luego de haber activado los protocolos correspondientes, la Secretar\u00eda de Gesti\u00f3n Integral de Riesgos y Protecci\u00f3n Civil de Guerrero, no reporta ninguna afectaci\u00f3n a consecuencia del sismo de magnitud 4.0, que se registr\u00f3 la tarde de este lunes con epicentro en el municipio de&#8230;<\/p>\n","protected":false},"author":2,"featured_media":1249956,"comment_status":"closed","ping_status":"closed","sticky":false,"template":"","format":"standard","meta":{"footnotes":""},"categories":[1969,1972,1998],"tags":[16233,16687],"class_list":["post-1249954","post","type-post","status-publish","format-standard","has-post-thumbnail","hentry","category-trending","category-special","category-proteccion-ciudadana","tag-secretaria-de-proteccion-civil-de-guerrero","tag-sismo-acapulco-23ene23"],"_links":{"self":[{"href":"https:\/\/www.acapulcopress.com\/index.php\/wp-json\/wp\/v2\/posts\/1249954","targetHints":{"allow":["GET"]}}],"collection":[{"href":"https:\/\/www.acapulcopress.com\/index.php\/wp-json\/wp\/v2\/posts"}],"about":[{"href":"https:\/\/www.acapulcopress.com\/index.php\/wp-json\/wp\/v2\/types\/post"}],"author":[{"embeddable":true,"href":"https:\/\/www.acapulcopress.com\/index.php\/wp-json\/wp\/v2\/users\/2"}],"replies":[{"embeddable":true,"href":"https:\/\/www.acapulcopress.com\/index.php\/wp-json\/wp\/v2\/comments?post=1249954"}],"version-history":[{"count":0,"href":"https:\/\/www.acapulcopress.com\/index.php\/wp-json\/wp\/v2\/posts\/1249954\/revisions"}],"wp:featuredmedia":[{"embeddable":true,"href":"https:\/\/www.acapulcopress.com\/index.php\/wp-json\/"}],"wp:attachment":[{"href":"https:\/\/www.acapulcopress.com\/index.php\/wp-json\/wp\/v2\/media?parent=1249954"}],"wp:term":[{"taxonomy":"category","embeddable":true,"href":"https:\/\/www.acapulcopress.com\/index.php\/wp-json\/wp\/v2\/categories?post=1249954"},{"taxonomy":"post_tag","embeddable":true,"href":"https:\/\/www.acapulcopress.com\/index.php\/wp-json\/wp\/v2\/tags?post=1249954"}],"curies":[{"name":"wp","href":"https:\/\/api.w.org\/{rel}","templated":true}]}}