{"id":1249963,"date":"2023-01-16T19:02:28","date_gmt":"2023-01-17T01:02:28","guid":{"rendered":"https:\/\/www.acapulcopress.com\/?p=1249963"},"modified":"2023-01-16T19:02:28","modified_gmt":"2023-01-17T01:02:28","slug":"evelyn-salgado-refrenda-compromiso-para-fortalecer-derechos-de-la-ninez-guerrerense","status":"publish","type":"post","link":"https:\/\/www.acapulcopress.com\/index.php\/2023\/01\/16\/evelyn-salgado-refrenda-compromiso-para-fortalecer-derechos-de-la-ninez-guerrerense\/","title":{"rendered":"Evelyn Salgado refrenda compromiso para fortalecer derechos de la ni\u00f1ez guerrerense"},"content":{"rendered":"<p style=\"text-align: justify;\">CHILPANCINGO * 16 de enero de 2022.<br \/>\n) Gobierno de Guerrero<br \/>\n<img loading=\"lazy\" decoding=\"async\" class=\"alignleft size-medium wp-image-1249966\" src=\"https:\/\/www.acapulcopress.com\/wp-content\/uploads\/2023\/01\/esp.ninezgro3-375x263.jpg\" alt=\"\" width=\"375\" height=\"263\" \/>Al encabezar la sexta sesi\u00f3n ordinaria del Sistema de Protecci\u00f3n Integral de Ni\u00f1as Ni\u00f1os y Adolescentes del Estado de Guerrero (Sipinna), la gobernadora Evelyn Salgado Pineda, se\u00f1al\u00f3 que fortalecer los derechos de las infancias de Guerrero para su gobierno es una prioridad, por lo que se avanza en el fortalecimiento de la agenda de trabajo en equipo con organismos internacionales para dar mejores resultados en favor de este sector, salvaguardando el inter\u00e9s superior de los menores.<\/p>\n<p style=\"text-align: justify;\">\u00abTenemos un compromiso irrenunciable, ineludible con todas y todos los ni\u00f1os de todas las comunidades, vamos a redoblar esfuerzos con los integrantes de este sistema y desde todas las trincheras en favor de nuestras ni\u00f1as, ni\u00f1os y adolescentes de Guerrero\u00bb, puntualiz\u00f3 la gobernadora.<\/p>\n<p style=\"text-align: justify;\"><img loading=\"lazy\" decoding=\"async\" class=\"alignleft size-medium wp-image-1249968\" src=\"https:\/\/www.acapulcopress.com\/wp-content\/uploads\/2023\/01\/esp.ninezgro5-375x224.jpg\" alt=\"\" width=\"375\" height=\"224\" \/>La mandataria estatal y tambi\u00e9n presidenta del Sipinna, destac\u00f3 los avances como la incorporaci\u00f3n de los 81 municipios a la Red Mexicana de Ciudades Amigas de la Ni\u00f1ez, reafirmando el compromiso con la promoci\u00f3n y protecci\u00f3n de los derechos de este sector de la poblaci\u00f3n, adem\u00e1s de la difusi\u00f3n de informaci\u00f3n y herramientas para evitar y erradicar toda forma de violencia de abuso sexual infantil.<\/p>\n<p style=\"text-align: justify;\">En su mensaje, Evelyn Salgado, dijo que est\u00e1 pendiente de las acciones que se implementan a trav\u00e9s de los mecanismos de evaluaci\u00f3n que mide el grado de cumplimiento de las metas y objetivos para fortalecer esta perspectiva de pol\u00edtica p\u00fablica en beneficio de <img loading=\"lazy\" decoding=\"async\" class=\"alignleft size-medium wp-image-1249964\" src=\"https:\/\/www.acapulcopress.com\/wp-content\/uploads\/2023\/01\/esp.ninezgro-375x231.jpg\" alt=\"\" width=\"375\" height=\"231\" \/>las infancias de Guerrero, que ha permitido avanzar en la garant\u00eda de un estado de derecho que contemple y proteja a las ni\u00f1as, ni\u00f1os y adolescentes en el estado, desde una perspectiva multidisciplinaria.<\/p>\n<p style=\"text-align: justify;\">omo parte del orden del d\u00eda, acompa\u00f1ada por el secretario general de Gobierno, Ludwig Marcial Reynoso N\u00fa\u00f1ez y la titular del Sipinna, X\u00f3chilt Sosa Rumbo, la gobernadora Evelyn Salgado, tom\u00f3 protesta a los integrantes del Consejo Consultivo de Ni\u00f1as, Ni\u00f1os y Adolescentes, que promover\u00e1n los derechos y la participaci\u00f3n de la ni\u00f1ez y adolescencia en el estado para impulsar el inter\u00e9s superior y el cumplimiento de todos sus derechos.<\/p>\n<p style=\"text-align: justify;\">La titular del Ejecutivo, Evelyn Salgado, refiri\u00f3 que, con estas acciones, en Guerrero, cada <img loading=\"lazy\" decoding=\"async\" class=\"alignleft size-medium wp-image-1249968\" src=\"https:\/\/www.acapulcopress.com\/wp-content\/uploads\/2023\/01\/esp.ninezgro5-375x224.jpg\" alt=\"\" width=\"375\" height=\"224\" \/>d\u00eda se est\u00e1n acortando todas las brechas de desigualdad y se avanza en la protecci\u00f3n de los derechos de la ni\u00f1ez y adolescencia guerrerense como una prioridad del gobierno de la transformaci\u00f3n, fortaleciendo una agenda de trabajo en coordinaci\u00f3n con organismos nacionales e internacionales.<\/p>\n<p style=\"text-align: justify;\">Posteriormente, se present\u00f3 el Primer Informe del Sistema Estatal de Protecci\u00f3n Integral de Ni\u00f1as, Ni\u00f1os y Adolescentes a trav\u00e9s de un video donde se expusieron todas las acciones realizadas y enfocadas a mejorar la vida de este sector de la poblaci\u00f3n; tambi\u00e9n, se present\u00f3 el cuadernillo para la Prevenci\u00f3n del abuso Sexual Infantil \u00abAlie\u00bb y se aprob\u00f3 la convocatoria de participaci\u00f3n de la sociedad civil para su integraci\u00f3n al Sipinna.<\/p>\n<p style=\"text-align: justify;\">Tambi\u00e9n, la gobernadora, firm\u00f3 el acuerdo para la implementaci\u00f3n de la plataforma del Sistema Estatal de Informaci\u00f3n sobre las estad\u00edsticas p\u00fablicas de la ni\u00f1ez y adolescencia en Guerrero que se suma a la toma de decisiones en las pol\u00edticas p\u00fablicas para generar beneficios reales para este sector de la poblaci\u00f3n.<\/p>\n<p style=\"text-align: justify;\"><em>) S\u00edguenos en Facebook | @<a href=\"https:\/\/www.facebook.com\/acapulcopress.news\" target=\"_blank\" rel=\"noopener\">AcapulcoPress<\/a><\/em><\/p>\n","protected":false},"excerpt":{"rendered":"<p>CHILPANCINGO * 16 de enero de 2022. ) Gobierno de Guerrero Al encabezar la sexta sesi\u00f3n ordinaria del Sistema de Protecci\u00f3n Integral de Ni\u00f1as Ni\u00f1os y Adolescentes del Estado de Guerrero (Sipinna), la gobernadora Evelyn Salgado Pineda, se\u00f1al\u00f3 que fortalecer los derechos de las infancias de Guerrero para su gobierno es una prioridad, por lo&#8230;<\/p>\n","protected":false},"author":2,"featured_media":1249967,"comment_status":"closed","ping_status":"closed","sticky":false,"template":"","format":"standard","meta":{"footnotes":""},"categories":[1972,1983,18561],"tags":[8251,9302,15102],"class_list":["post-1249963","post","type-post","status-publish","format-standard","has-post-thumbnail","hentry","category-special","category-guerrerogob","category-society-politics","tag-evelyn-salgado-pineda","tag-gobierno-de-guerrero","tag-proteccion-integral-de-ninas-ninos-y-adolescentes-del-estado-de-guerrero-sipinna"],"_links":{"self":[{"href":"https:\/\/www.acapulcopress.com\/index.php\/wp-json\/wp\/v2\/posts\/1249963","targetHints":{"allow":["GET"]}}],"collection":[{"href":"https:\/\/www.acapulcopress.com\/index.php\/wp-json\/wp\/v2\/posts"}],"about":[{"href":"https:\/\/www.acapulcopress.com\/index.php\/wp-json\/wp\/v2\/types\/post"}],"author":[{"embeddable":true,"href":"https:\/\/www.acapulcopress.com\/index.php\/wp-json\/wp\/v2\/users\/2"}],"replies":[{"embeddable":true,"href":"https:\/\/www.acapulcopress.com\/index.php\/wp-json\/wp\/v2\/comments?post=1249963"}],"version-history":[{"count":0,"href":"https:\/\/www.acapulcopress.com\/index.php\/wp-json\/wp\/v2\/posts\/1249963\/revisions"}],"wp:featuredmedia":[{"embeddable":true,"href":"https:\/\/www.acapulcopress.com\/index.php\/wp-json\/"}],"wp:attachment":[{"href":"https:\/\/www.acapulcopress.com\/index.php\/wp-json\/wp\/v2\/media?parent=1249963"}],"wp:term":[{"taxonomy":"category","embeddable":true,"href":"https:\/\/www.acapulcopress.com\/index.php\/wp-json\/wp\/v2\/categories?post=1249963"},{"taxonomy":"post_tag","embeddable":true,"href":"https:\/\/www.acapulcopress.com\/index.php\/wp-json\/wp\/v2\/tags?post=1249963"}],"curies":[{"name":"wp","href":"https:\/\/api.w.org\/{rel}","templated":true}]}}