{"id":1249991,"date":"2023-01-16T21:00:55","date_gmt":"2023-01-17T03:00:55","guid":{"rendered":"https:\/\/www.acapulcopress.com\/?p=1249991"},"modified":"2023-01-16T21:00:55","modified_gmt":"2023-01-17T03:00:55","slug":"evelyn-salgado-y-titular-de-seg-inician-distribucion-de-uniformes-gratuitos-en-guerrero","status":"publish","type":"post","link":"https:\/\/www.acapulcopress.com\/index.php\/2023\/01\/16\/evelyn-salgado-y-titular-de-seg-inician-distribucion-de-uniformes-gratuitos-en-guerrero\/","title":{"rendered":"Evelyn Salgado y titular de SEG inician distribuci\u00f3n de uniformes gratuitos en Guerrero"},"content":{"rendered":"<p style=\"text-align: justify;\">CHILPANCINGO * 16 de enero de 2022.<br \/>\n<em>) Congreso de Guerrero \/ SEG<\/em><br \/>\n<img loading=\"lazy\" decoding=\"async\" class=\"alignleft size-medium wp-image-1250006\" src=\"https:\/\/www.acapulcopress.com\/wp-content\/uploads\/2023\/01\/SEG.UNIFORMES125-375x218.jpg\" alt=\"\" width=\"375\" height=\"218\" \/>La gobernadora <a href=\"https:\/\/www.facebook.com\/EvelynSalgadoP\" target=\"_blank\" rel=\"noopener\">Evelyn Salgado Pineda<\/a>, visit\u00f3 la Escuela Primaria \u00abNicol\u00e1s Bravo\u00bb de la colonia Obrera de Chilpancingo, donde dio inicio a la entrega de uniformes escolares que se estar\u00e1n distribuyendo en m\u00e1s de 11 mil escuelas en el estado con una inversi\u00f3n de 160 millones de pesos en una mezcla de recursos de los ejercicios presupuestales 2022 y 2023, beneficiando a m\u00e1s de 600 mil estudiantes de primaria y secundaria, como parte de la Revoluci\u00f3n Educativa en favor de la econom\u00eda de las familias guerrerenses.<\/p>\n<p style=\"text-align: justify;\">Ante la comunidad estudiantil, la mandataria estatal, dijo que los uniformes escolares fueron hechos con materiales de calidad para su durabilidad y se prioriza su distribuci\u00f3n en <img loading=\"lazy\" decoding=\"async\" class=\"alignleft size-medium wp-image-1250004\" src=\"https:\/\/www.acapulcopress.com\/wp-content\/uploads\/2023\/01\/SEG.UNIFORMES13-375x562.jpg\" alt=\"\" width=\"375\" height=\"562\" \/>las escuelas de las comunidades m\u00e1s alejadas en todo el estado, pues se trata de uno de los programas especiales que impulsa su gobierno para que nadie se quede fuera de la Revoluci\u00f3n Educativa, con estos beneficios que se complementan con los diversos programas sociales de bienestar que se implementan en la entidad.<\/p>\n<p style=\"text-align: justify;\">Dijo que la entrega de uniformes para este regreso a clases despu\u00e9s del per\u00edodo vacacional de invierno, en su primera etapa, con una inversi\u00f3n de 83 millones de pesos comprende la entrega de 3 mil 31 kits para la atenci\u00f3n de escuelas de las regiones Centro, Monta\u00f1a alta y baja, regi\u00f3n Norte y Tierra Caliente, que se suman a los m\u00e1s de 600 mil uniformes escolares que beneficia a igual n\u00famero de estudiantes de primaria y secundaria de m\u00e1s de 11 mil escuelas en la entidad, con una inversi\u00f3n total de m\u00e1s de 160 millones de pesos.<\/p>\n<p style=\"text-align: justify;\">\u00abNadie se va a quedar fuera de esta gran revoluci\u00f3n educativa, esto es para todas y todos por eso estamos haciendo este gran esfuerzo presupuestal para que alcance para todos, les reitero mi agradecimiento y les deseo que este a\u00f1o que a\u00f1o que iniciamos sea de \u00e9xitos, de <img loading=\"lazy\" decoding=\"async\" class=\"alignleft size-medium wp-image-1250001\" src=\"https:\/\/www.acapulcopress.com\/wp-content\/uploads\/2023\/01\/SEG.UNIFORMES10-375x250.jpg\" alt=\"\" width=\"375\" height=\"250\" \/>crecimiento, desarrollo y bienestar para todas y todos\u00bb, expres\u00f3 Evelyn Salgado.<\/p>\n<p style=\"text-align: justify;\">La mandataria estatal, puntualiz\u00f3 que, desde el principio de esta administraci\u00f3n se ha sostenido la visi\u00f3n de que la Educaci\u00f3n es la clave del desarrollo, es el arma para combatir cualquier situaci\u00f3n en el estado, es la clave para el desarrollo, la paz, para el bienestar de Guerrero, por ello, se ha puesto toda la atenci\u00f3n y los esfuerzos de gobierno en las ni\u00f1as, ni\u00f1os y j\u00f3venes para garantizar una educaci\u00f3n de calidad y con todas las herramientas necesarias.<\/p>\n<p style=\"text-align: justify;\">A nombre de la comunidad estudiantil de la Escuela Primaria \u00abNicol\u00e1s Bravo, el estudiante El\u00edas Hip\u00f3lito Bello, expres\u00f3 que apostar por la educaci\u00f3n es el camino seguro para la <img loading=\"lazy\" decoding=\"async\" class=\"alignleft size-medium wp-image-1249998\" src=\"https:\/\/www.acapulcopress.com\/wp-content\/uploads\/2023\/01\/SEG.UNIFORMES7-375x262.jpg\" alt=\"\" width=\"375\" height=\"262\" \/>transformaci\u00f3n de la sociedad, por lo que es un hecho con acciones como la entrega de uniformes escolares a ni\u00f1as y ni\u00f1os de todo el estado, motiv\u00e1ndolos a redoblar esfuerzos acad\u00e9micos adem\u00e1s de ser un beneficio en favor de la econom\u00eda de las familias.<\/p>\n<p style=\"text-align: justify;\">\u00abCon esto se cumple con un compromiso m\u00e1s y se avanza hacia la construcci\u00f3n de un mejor panorama educativo. A nombre de Chilpancingo y forma p\u00fablica agradezco a la gobernadora Evelyn Salgado su presencia en esta instituci\u00f3n educativa para realizar la entrega de uniformes escolares que ser\u00e1n usados con orgullo como muestra del compromiso que todos tenemos en el trabajo por y para Guerrero\u00bb, expres\u00f3 el alumno de quinto grado, El\u00edas Hip\u00f3lito.<\/p>\n<p style=\"text-align: justify;\"><img loading=\"lazy\" decoding=\"async\" class=\"alignleft size-medium wp-image-1249997\" src=\"https:\/\/www.acapulcopress.com\/wp-content\/uploads\/2023\/01\/SEG.UNIFORMES6-375x687.jpg\" alt=\"\" width=\"375\" height=\"687\" \/>Por su parte, <a href=\"https:\/\/www.facebook.com\/MarcialRodriguezS\" target=\"_blank\" rel=\"noopener\">Marcial Rodr\u00edguez Salda\u00f1a<\/a>, titular de la Secretar\u00eda de Educaci\u00f3n Guerrero, indic\u00f3 que a trav\u00e9s de esta dependencia, se inici\u00f3 este a\u00f1o fiscal 2023, trabajando con directivos y personal docente en la formaci\u00f3n para preparar el ejercicio del nuevo plan y programa de estudios con los nuevos libros de texto para el siguiente ciclo escolar como parte de la gran Revoluci\u00f3n Educativa en M\u00e9xico y en Guerrero.<\/p>\n<p style=\"text-align: justify;\">Adem\u00e1s, dijo que, con el respaldo de la gobernadora Evelyn Salgado Pineda y gracias a sus gestiones se avanza en la justicia laboral, logrando la jubilaci\u00f3n de m\u00e1s de 800 trabajadores, derivado de esta acci\u00f3n, se incorporan al FONE un total de 525 trabajadores de la educaci\u00f3n de Guerrero.<\/p>\n<p style=\"text-align: justify;\">El titular de la SEG, convoc\u00f3 a los padres de familia a inscribir a sus hijos en el pr\u00f3ximo proceso de pre inscripciones en febrero para recuperar la matr\u00edcula, recuperando los \u00edndices de deserci\u00f3n escolar con programas sociales combatiendo la violencia contra la mujer, el acoso sexual, prevenir la delincuencia y el consumo de drogas, para que la cuarta transformaci\u00f3n llegue hasta el \u00faltimo rinc\u00f3n de Guerrero.<\/p>\n<p style=\"text-align: justify;\">Asistieron la diputada Jessica Alejo Rayo; la directora de la escuela Nicol\u00e1s Bravo, Socorro Donjuan Pantale\u00f3n; la alcaldesa de Chilpancingo, <a href=\"https:\/\/www.facebook.com\/NormaOtiliaHernandez\" target=\"_blank\" rel=\"noopener\">Norma Otilia Hern\u00e1ndez Mart\u00ednez<\/a>, entre otros funcionarios\u00a0estatales.<\/p>\n<p><img loading=\"lazy\" decoding=\"async\" class=\"alignnone wp-image-1250005 size-large\" src=\"https:\/\/www.acapulcopress.com\/wp-content\/uploads\/2023\/01\/SEG.UNIFORMES14-840x487.jpg\" alt=\"\" width=\"696\" height=\"404\" \/><\/p>\n<p style=\"text-align: justify;\"><em>) S\u00edguenos en Facebook | @<a href=\"https:\/\/www.facebook.com\/acapulcopress.news\" target=\"_blank\" rel=\"noopener\">AcapulcoPress<\/a><\/em><\/p>\n","protected":false},"excerpt":{"rendered":"<p>CHILPANCINGO * 16 de enero de 2022. ) Congreso de Guerrero \/ SEG La gobernadora Evelyn Salgado Pineda, visit\u00f3 la Escuela Primaria \u00abNicol\u00e1s Bravo\u00bb de la colonia Obrera de Chilpancingo, donde dio inicio a la entrega de uniformes escolares que se estar\u00e1n distribuyendo en m\u00e1s de 11 mil escuelas en el estado con una inversi\u00f3n&#8230;<\/p>\n","protected":false},"author":2,"featured_media":1250003,"comment_status":"closed","ping_status":"closed","sticky":false,"template":"","format":"standard","meta":{"footnotes":""},"categories":[1983,18561],"tags":[2581,8251,9300,12457,16362,17579],"class_list":["post-1249991","post","type-post","status-publish","format-standard","has-post-thumbnail","hentry","category-guerrerogob","category-society-politics","tag-4t","tag-evelyn-salgado-pineda","tag-gobierno-de-guerero","tag-marcial-rodriguez-saldana","tag-seg","tag-uniformes-escolares-gratuitos"],"_links":{"self":[{"href":"https:\/\/www.acapulcopress.com\/index.php\/wp-json\/wp\/v2\/posts\/1249991","targetHints":{"allow":["GET"]}}],"collection":[{"href":"https:\/\/www.acapulcopress.com\/index.php\/wp-json\/wp\/v2\/posts"}],"about":[{"href":"https:\/\/www.acapulcopress.com\/index.php\/wp-json\/wp\/v2\/types\/post"}],"author":[{"embeddable":true,"href":"https:\/\/www.acapulcopress.com\/index.php\/wp-json\/wp\/v2\/users\/2"}],"replies":[{"embeddable":true,"href":"https:\/\/www.acapulcopress.com\/index.php\/wp-json\/wp\/v2\/comments?post=1249991"}],"version-history":[{"count":0,"href":"https:\/\/www.acapulcopress.com\/index.php\/wp-json\/wp\/v2\/posts\/1249991\/revisions"}],"wp:featuredmedia":[{"embeddable":true,"href":"https:\/\/www.acapulcopress.com\/index.php\/wp-json\/"}],"wp:attachment":[{"href":"https:\/\/www.acapulcopress.com\/index.php\/wp-json\/wp\/v2\/media?parent=1249991"}],"wp:term":[{"taxonomy":"category","embeddable":true,"href":"https:\/\/www.acapulcopress.com\/index.php\/wp-json\/wp\/v2\/categories?post=1249991"},{"taxonomy":"post_tag","embeddable":true,"href":"https:\/\/www.acapulcopress.com\/index.php\/wp-json\/wp\/v2\/tags?post=1249991"}],"curies":[{"name":"wp","href":"https:\/\/api.w.org\/{rel}","templated":true}]}}