{"id":1250019,"date":"2023-01-17T10:17:20","date_gmt":"2023-01-17T16:17:20","guid":{"rendered":"https:\/\/www.acapulcopress.com\/?p=1250019"},"modified":"2023-01-17T10:17:20","modified_gmt":"2023-01-17T16:17:20","slug":"celebra-congreso-avances-en-derechos-indigenas-y-afromexicanos","status":"publish","type":"post","link":"https:\/\/www.acapulcopress.com\/index.php\/2023\/01\/17\/celebra-congreso-avances-en-derechos-indigenas-y-afromexicanos\/","title":{"rendered":"Celebra Congreso avances en derechos ind\u00edgenas y afromexicanos"},"content":{"rendered":"<p style=\"text-align: justify;\">CHILPANCINGO * 17 de enero de 2023.<br \/>\n<em>) Congreso de Guerrero<\/em><br \/>\nLa diputada presidenta de la Comisi\u00f3n de Asuntos Ind\u00edgenas y Afromexicanos, Marben de la Cruz Santiago, celebr\u00f3 los avances logrados en el a\u00f1o que culmin\u00f3, con la adecuaci\u00f3n de distintos ordenamientos jur\u00eddicos y constitucionales relativos al reconocimiento y derechos humanos de los pueblos originarios.<\/p>\n<p style=\"text-align: justify;\">En entrevista, la legisladora indic\u00f3 que como diputada local tiene el firme compromiso de abanderar las causas de las mujeres ind\u00edgenas y afromexicanas de la entidad, y hacer valer su voz.<\/p>\n<p style=\"text-align: justify;\">\u201cEn el Congreso del Estado hay el compromiso de continuar con las acciones de empoderamiento de este sector, en busca de que ocupen m\u00e1s espacios en la toma de decisiones y se hagan valer sus derechos en todos los \u00e1mbitos, por encima de las costumbres y tradiciones de los pueblos\u201d, abund\u00f3.<\/p>\n<p style=\"text-align: justify;\">Expuso que las mujeres afromexicanas son un sector importante que ayuda al desarrollo del estado, y es por eso que debe d\u00e1rseles acompa\u00f1amiento jur\u00eddico y en territorio, para garantizar su participaci\u00f3n y hacer una realidad sus derechos pol\u00edticos, favoreciendo su postulaci\u00f3n como autoridades comunitarias, presidentas municipales, diputadas y otros cargos, y coadyuvando a erradicar la discriminaci\u00f3n y racismo que a\u00fan persisten en varias regiones de la entidad.<\/p>\n<p style=\"text-align: justify;\">La tambi\u00e9n integrante del Grupo Parlamentario de Morena enfatiz\u00f3 que prevalece una deuda hist\u00f3rica con los pueblos y comunidades ind\u00edgenas y afromexicanas de Guerrero, ante lo cual es importante la participaci\u00f3n de los gobiernos municipales y estatales, as\u00ed como las dependencias involucradas, para que de manera conjunta con el Poder Legislativo se contin\u00fae el trabajo de armonizaci\u00f3n de leyes y pol\u00edticas p\u00fablicas que hagan una realidad el reconocimiento y los derechos de estos sectores.<\/p>\n<p style=\"text-align: justify;\"><em>) S\u00edguenos en Facebook | @<a href=\"https:\/\/www.facebook.com\/acapulcopress.news\" target=\"_blank\" rel=\"noopener\">AcapulcoPress<\/a><\/em><\/p>\n","protected":false},"excerpt":{"rendered":"<p>CHILPANCINGO * 17 de enero de 2023. ) Congreso de Guerrero La diputada presidenta de la Comisi\u00f3n de Asuntos Ind\u00edgenas y Afromexicanos, Marben de la Cruz Santiago, celebr\u00f3 los avances logrados en el a\u00f1o que culmin\u00f3, con la adecuaci\u00f3n de distintos ordenamientos jur\u00eddicos y constitucionales relativos al reconocimiento y derechos humanos de los pueblos originarios&#8230;.<\/p>\n","protected":false},"author":2,"featured_media":1250017,"comment_status":"closed","ping_status":"closed","sticky":false,"template":"","format":"standard","meta":{"footnotes":""},"categories":[61,18561],"tags":[6370,12432],"class_list":["post-1250019","post","type-post","status-publish","format-standard","has-post-thumbnail","hentry","category-legislacion","category-society-politics","tag-congreso-de-guerrero","tag-marben-de-la-cruz-santiago"],"_links":{"self":[{"href":"https:\/\/www.acapulcopress.com\/index.php\/wp-json\/wp\/v2\/posts\/1250019","targetHints":{"allow":["GET"]}}],"collection":[{"href":"https:\/\/www.acapulcopress.com\/index.php\/wp-json\/wp\/v2\/posts"}],"about":[{"href":"https:\/\/www.acapulcopress.com\/index.php\/wp-json\/wp\/v2\/types\/post"}],"author":[{"embeddable":true,"href":"https:\/\/www.acapulcopress.com\/index.php\/wp-json\/wp\/v2\/users\/2"}],"replies":[{"embeddable":true,"href":"https:\/\/www.acapulcopress.com\/index.php\/wp-json\/wp\/v2\/comments?post=1250019"}],"version-history":[{"count":0,"href":"https:\/\/www.acapulcopress.com\/index.php\/wp-json\/wp\/v2\/posts\/1250019\/revisions"}],"wp:featuredmedia":[{"embeddable":true,"href":"https:\/\/www.acapulcopress.com\/index.php\/wp-json\/"}],"wp:attachment":[{"href":"https:\/\/www.acapulcopress.com\/index.php\/wp-json\/wp\/v2\/media?parent=1250019"}],"wp:term":[{"taxonomy":"category","embeddable":true,"href":"https:\/\/www.acapulcopress.com\/index.php\/wp-json\/wp\/v2\/categories?post=1250019"},{"taxonomy":"post_tag","embeddable":true,"href":"https:\/\/www.acapulcopress.com\/index.php\/wp-json\/wp\/v2\/tags?post=1250019"}],"curies":[{"name":"wp","href":"https:\/\/api.w.org\/{rel}","templated":true}]}}