{"id":1250034,"date":"2023-01-17T20:15:16","date_gmt":"2023-01-18T02:15:16","guid":{"rendered":"https:\/\/www.acapulcopress.com\/?p=1250034"},"modified":"2023-01-17T20:15:16","modified_gmt":"2023-01-18T02:15:16","slug":"guerrero-seguira-avanzando-bajo-la-ruta-de-la-austeridad-evelyn-salgado","status":"publish","type":"post","link":"https:\/\/www.acapulcopress.com\/index.php\/2023\/01\/17\/guerrero-seguira-avanzando-bajo-la-ruta-de-la-austeridad-evelyn-salgado\/","title":{"rendered":"Guerrero seguir\u00e1 avanzando bajo el principio de la austeridad | Evelyn Salgado"},"content":{"rendered":"<p style=\"text-align: justify;\">CHILPANCINGO * 17 de enero de 2022.<br \/>\n) Gobierno de Guerrero<br \/>\nJunto a su equipo de trabajo, la gobernadora Evelyn Salgado Pineda, dio seguimiento a las <img loading=\"lazy\" decoding=\"async\" class=\"alignleft size-medium wp-image-1250035\" src=\"https:\/\/www.acapulcopress.com\/wp-content\/uploads\/2023\/01\/evelyn.gro_-375x250.jpg\" alt=\"\" width=\"375\" height=\"250\" \/>acciones planeadas para los pr\u00f3ximos meses con el objetivo de avanzar en la ruta de la transformaci\u00f3n de Guerrero bajo el principio de la austeridad, adem\u00e1s de revisar con especial atenci\u00f3n la aplicaci\u00f3n correcta y transparente de los recursos que son del pueblo y para el pueblo.<\/p>\n<p style=\"text-align: justify;\">En la reuni\u00f3n de trabajo participaron el secretario General de Gobierno, Ludwig Reynoso N\u00fa\u00f1ez; el titular de SEFINA, Raymundo Segura Estrada, as\u00ed como el secretario t\u00e9cnico Pablo Gordillo y el subsecretario de Administraci\u00f3n, Ricardo\u00a0Salinas\u00a0M\u00e9ndez.<\/p>\n<p style=\"text-align: justify;\"><em>) S\u00edguenos en Facebook | @<a href=\"https:\/\/www.facebook.com\/acapulcopress.news\" target=\"_blank\" rel=\"noopener\">AcapulcoPress<\/a><\/em><\/p>\n","protected":false},"excerpt":{"rendered":"<p>CHILPANCINGO * 17 de enero de 2022. ) Gobierno de Guerrero Junto a su equipo de trabajo, la gobernadora Evelyn Salgado Pineda, dio seguimiento a las acciones planeadas para los pr\u00f3ximos meses con el objetivo de avanzar en la ruta de la transformaci\u00f3n de Guerrero bajo el principio de la austeridad, adem\u00e1s de revisar con&#8230;<\/p>\n","protected":false},"author":2,"featured_media":1250036,"comment_status":"closed","ping_status":"closed","sticky":false,"template":"","format":"standard","meta":{"footnotes":""},"categories":[1983,18561],"tags":[8251,9302],"class_list":["post-1250034","post","type-post","status-publish","format-standard","has-post-thumbnail","hentry","category-guerrerogob","category-society-politics","tag-evelyn-salgado-pineda","tag-gobierno-de-guerrero"],"_links":{"self":[{"href":"https:\/\/www.acapulcopress.com\/index.php\/wp-json\/wp\/v2\/posts\/1250034","targetHints":{"allow":["GET"]}}],"collection":[{"href":"https:\/\/www.acapulcopress.com\/index.php\/wp-json\/wp\/v2\/posts"}],"about":[{"href":"https:\/\/www.acapulcopress.com\/index.php\/wp-json\/wp\/v2\/types\/post"}],"author":[{"embeddable":true,"href":"https:\/\/www.acapulcopress.com\/index.php\/wp-json\/wp\/v2\/users\/2"}],"replies":[{"embeddable":true,"href":"https:\/\/www.acapulcopress.com\/index.php\/wp-json\/wp\/v2\/comments?post=1250034"}],"version-history":[{"count":0,"href":"https:\/\/www.acapulcopress.com\/index.php\/wp-json\/wp\/v2\/posts\/1250034\/revisions"}],"wp:featuredmedia":[{"embeddable":true,"href":"https:\/\/www.acapulcopress.com\/index.php\/wp-json\/"}],"wp:attachment":[{"href":"https:\/\/www.acapulcopress.com\/index.php\/wp-json\/wp\/v2\/media?parent=1250034"}],"wp:term":[{"taxonomy":"category","embeddable":true,"href":"https:\/\/www.acapulcopress.com\/index.php\/wp-json\/wp\/v2\/categories?post=1250034"},{"taxonomy":"post_tag","embeddable":true,"href":"https:\/\/www.acapulcopress.com\/index.php\/wp-json\/wp\/v2\/tags?post=1250034"}],"curies":[{"name":"wp","href":"https:\/\/api.w.org\/{rel}","templated":true}]}}