{"id":1250039,"date":"2023-01-17T20:26:54","date_gmt":"2023-01-18T02:26:54","guid":{"rendered":"https:\/\/www.acapulcopress.com\/?p=1250039"},"modified":"2023-01-17T20:26:54","modified_gmt":"2023-01-18T02:26:54","slug":"yunes-y-garcia-luna-socios-y-complices-revela-duarte","status":"publish","type":"post","link":"https:\/\/www.acapulcopress.com\/index.php\/2023\/01\/17\/yunes-y-garcia-luna-socios-y-complices-revela-duarte\/","title":{"rendered":"Yunes y Garc\u00eda Luna, socios y c\u00f3mplices | Duarte"},"content":{"rendered":"<p style=\"text-align: justify;\">XALAPA * 17 de enero de 2022.<br \/>\n<em>) <a href=\"https:\/\/www.proceso.com.mx\/nacional\/2023\/1\/17\/miguel-angel-yunes-genaro-garcia-luna-son-socios-complices-javier-duarte-300493.html\" target=\"_blank\" rel=\"noopener\">Aro<\/a><\/em><br \/>\nEl exgobernador, Javier Duarte, preso en el Reclusorio Norte por lavado de dinero y asociaci\u00f3n delictuosa, lanz\u00f3 un mensaje en redes sociales para acusar al exgobernador panista Miguel \u00c1ngel Yunes Linares de ser muy cercano al exsecretario de Seguridad, Genaro Garc\u00eda Luna.<\/p>\n<p style=\"text-align: justify;\">Las acusaciones se dan en medio del juicio que inici\u00f3 este martes en Brooklyn, New York, en contra de Garc\u00eda Luna, acusado por autoridades de Estados Unidos de presuntos nexos con el narcotr\u00e1fico.<\/p>\n<p style=\"text-align: justify;\">trav\u00e9s de su cuenta de twitter. el exgobernador lanz\u00f3 cinco mensajes donde se\u00f1al\u00f3:<\/p>\n<p style=\"text-align: justify;\">\u201cExiste un dato que al parecer a la opini\u00f3n p\u00fablica y al gobierno se les olvid\u00f3: #MiguelAngelYunes ha sido Coordinador del \u00f3rgano desconcentrado de prisiones federales, Subsecretario de seguridad p\u00fablica federal y Secretario ejecutivo del sistema nacional de seguridad p\u00fablica\u00bb.<\/p>\n<p style=\"text-align: justify;\">Cargos en donde construy\u00f3 una cercan\u00edsima relaci\u00f3n con Genaro Garc\u00eda Luna \u201cEstoy seguro que son socios y c\u00f3mplices, existen hechos como la fuga del #Chapo de la prisi\u00f3n federal de Puente Grande, donde un esbirro de Yunes era su director\u201d.<\/p>\n<p style=\"text-align: justify;\">Duarte asegur\u00f3 que el Departamento de Justicia del Gobierno Estadunidense se encuentra realizando una investigaci\u00f3n en contra del exgobernador y le cancel\u00f3 su visa para entrar al pa\u00eds.<\/p>\n<p style=\"text-align: justify;\">Entre 2005 y 2006, Miguel \u00c1ngel Yunes fue subsecretario de seguridad p\u00fablica y Secretario Ejecutivo del Sistema Nacional de Seguridad P\u00fablica, despu\u00e9s fue nombrado director general del ISSSTE durante el gobierno de Felipe Calder\u00f3n del 1 de diciembre del 2006 a febrero del 2010.<\/p>\n<p style=\"text-align: justify;\">Fue gobernador de Veracruz de 2016 a 2018. En abril del 2021, la Fiscal\u00eda General de la Rep\u00fablica confirm\u00f3 que inici\u00f3 una investigaci\u00f3n por irregularidades durante su encargo al frente del Instituto de Seguridad y Servicios Sociales de los Trabajadores del Estado (ISSSTE).<\/p>\n<p><code><\/code><\/p>\n<blockquote class=\"twitter-tweet\">\n<p dir=\"ltr\" lang=\"es\">Existe un dato que al parecer a la opini\u00f3n p\u00fablica y al gobierno se les olvid\u00f3: <a href=\"https:\/\/twitter.com\/hashtag\/MiguelAngelYunes?src=hash&amp;ref_src=twsrc%5Etfw\">#MiguelAngelYunes<\/a> ha sido Coordinador del \u00f3rgano desconcentrado de prisiones federales, Subsecretario de seguridad p\u00fablica federal y Secretario ejecutivo del sistema nacional de seguridad p\u00fablica 1\/5<\/p>\n<p>\u2014 Javier Duarte (@Javier_Duarte) <a href=\"https:\/\/twitter.com\/Javier_Duarte\/status\/1615370985011826689?ref_src=twsrc%5Etfw\">January 17, 2023<\/a><\/p><\/blockquote>\n<p><script async src=\"https:\/\/platform.twitter.com\/widgets.js\" charset=\"utf-8\"><\/script><\/p>\n<p style=\"text-align: justify;\"><em>) S\u00edguenos en Facebook | @<a href=\"https:\/\/www.facebook.com\/acapulcopress.news\" target=\"_blank\" rel=\"noopener\">AcapulcoPress<\/a><\/em><\/p>\n","protected":false},"excerpt":{"rendered":"<p>XALAPA * 17 de enero de 2022. ) Aro El exgobernador, Javier Duarte, preso en el Reclusorio Norte por lavado de dinero y asociaci\u00f3n delictuosa, lanz\u00f3 un mensaje en redes sociales para acusar al exgobernador panista Miguel \u00c1ngel Yunes Linares de ser muy cercano al exsecretario de Seguridad, Genaro Garc\u00eda Luna. Las acusaciones se dan&#8230;<\/p>\n","protected":false},"author":2,"featured_media":1250040,"comment_status":"closed","ping_status":"closed","sticky":false,"template":"","format":"standard","meta":{"footnotes":""},"categories":[1997],"tags":[],"class_list":["post-1250039","post","type-post","status-publish","format-standard","has-post-thumbnail","hentry","category-noticias-destacadas"],"_links":{"self":[{"href":"https:\/\/www.acapulcopress.com\/index.php\/wp-json\/wp\/v2\/posts\/1250039","targetHints":{"allow":["GET"]}}],"collection":[{"href":"https:\/\/www.acapulcopress.com\/index.php\/wp-json\/wp\/v2\/posts"}],"about":[{"href":"https:\/\/www.acapulcopress.com\/index.php\/wp-json\/wp\/v2\/types\/post"}],"author":[{"embeddable":true,"href":"https:\/\/www.acapulcopress.com\/index.php\/wp-json\/wp\/v2\/users\/2"}],"replies":[{"embeddable":true,"href":"https:\/\/www.acapulcopress.com\/index.php\/wp-json\/wp\/v2\/comments?post=1250039"}],"version-history":[{"count":0,"href":"https:\/\/www.acapulcopress.com\/index.php\/wp-json\/wp\/v2\/posts\/1250039\/revisions"}],"wp:featuredmedia":[{"embeddable":true,"href":"https:\/\/www.acapulcopress.com\/index.php\/wp-json\/"}],"wp:attachment":[{"href":"https:\/\/www.acapulcopress.com\/index.php\/wp-json\/wp\/v2\/media?parent=1250039"}],"wp:term":[{"taxonomy":"category","embeddable":true,"href":"https:\/\/www.acapulcopress.com\/index.php\/wp-json\/wp\/v2\/categories?post=1250039"},{"taxonomy":"post_tag","embeddable":true,"href":"https:\/\/www.acapulcopress.com\/index.php\/wp-json\/wp\/v2\/tags?post=1250039"}],"curies":[{"name":"wp","href":"https:\/\/api.w.org\/{rel}","templated":true}]}}