{"id":1250049,"date":"2023-01-18T20:39:08","date_gmt":"2023-01-19T02:39:08","guid":{"rendered":"https:\/\/www.acapulcopress.com\/?p=1250049"},"modified":"2023-01-18T20:39:08","modified_gmt":"2023-01-19T02:39:08","slug":"sandra-luz-valdovinos-la-fiscal-a-mas-de-un-ano","status":"publish","type":"post","link":"https:\/\/www.acapulcopress.com\/index.php\/2023\/01\/18\/sandra-luz-valdovinos-la-fiscal-a-mas-de-un-ano\/","title":{"rendered":"Sandra Luz Valdovinos | La fiscal&#8230; a m\u00e1s de un a\u00f1o"},"content":{"rendered":"<p style=\"text-align: justify;\">Ep\u00edstolas Surianas<br \/>\n\u00bb JULIO | AYALA CARLOS<br \/>\n<em>epistolassurianas@hotmail.com<\/em><br \/>\n) Facebook @<a href=\"https:\/\/www.facebook.com\/julio.ayalacarlos\" target=\"_blank\" rel=\"noopener\">julio.ayalacarlos<\/a><\/p>\n<p style=\"text-align: justify;\">A M\u00c1S DE UN A\u00d1O EN EL CARGO, LA FISCAL GENERAL del estado, Sandra Luz Valdovinos, parece que no le encuentra la cuadratura al c\u00edrculo. Y es que si bien integra carpetas de investigaci\u00f3n, los resultados son nulos. En efecto, no se ven por ning\u00fan lado\u2026<\/p>\n<p style=\"text-align: justify;\">Por supuesto, no es f\u00e1cil, y menos en un estado como Guerrero. Por supuesto que es complicado. Sin embargo, ya es hora de que lo haga, a menos que, renuncie al cargo.<\/p>\n<p style=\"text-align: justify;\">Y es que, hasta ahora lo \u00fanico que se sabe de la Fiscal\u00eda, y de quien la encabeza, es que la ha llenado y se ha rodeado de militares, y de los pleitos que tiene con los empleados, quienes denuncian malos tratos y despidos injustificados.<\/p>\n<p style=\"text-align: justify;\">Es cierto. El anterior Fiscal no era lo m\u00e1s recomendable, pero es tambi\u00e9n muy cierto que la actual titular ha dejado mucho qu\u00e9 desear. Hasta ahora, siendo honestos, no hay nada que se le pueda reconocer.<\/p>\n<p style=\"text-align: justify;\">Hay que decirlo. La Teniente Coronel del Ej\u00e9rcito, con Maestr\u00eda en Derecho Constitucional lleg\u00f3 al cargo con las mejores expectativas, por el hecho de pertenecer a las fuerzas castrenses, de quien se dijo ten\u00eda todo el apoyo, y porque adem\u00e1s se argument\u00f3 que era propuesta del Comandante Supremo de las Fuerzas Armadas, es decir, el presidente de la Rep\u00fablica.<\/p>\n<p style=\"text-align: justify;\">Sin embargo, parece ser que ello no ha sido suficiente, pues a pesar de que lleva m\u00e1s de un a\u00f1o en el cargo, que se cumpli\u00f3 el pasado 28 de diciembre, nada puede presumirse.<\/p>\n<p style=\"text-align: justify;\">As\u00ed es, dir\u00eda el Maestro. Adem\u00e1s de los pleitos que ha sostenido Sandra Luz Valdovinos con personal de la propia Fiscal\u00eda, que han llegado incluso a los golpes, y a las constante protestas de otros por el mal trato del que son objeto, as\u00ed como los despidos injustificados, la instituci\u00f3n que encabeza la Teniente Coronel enfrenta un esc\u00e1ndalo que no ha podido resolver.<\/p>\n<p style=\"text-align: justify;\">Me refiero, en efecto, a la desaparici\u00f3n de 10 millones de pesos que la Fiscal\u00eda, a trav\u00e9s de una agencia del Ministerio P\u00fablico ten\u00eda en custodia, y que ahora parece ser que le apuestan al olvido, lo que pone en entredicho la honorabilidad de la propia instituci\u00f3n que encabeza la Teniente Coronel del Ej\u00e9rcito y Maestra en Derecho Constitucional.<\/p>\n<p style=\"text-align: justify;\">Entiendo, puntualizo, que no es nada f\u00e1cil encabezar una Fiscal\u00eda como la de Guerrero, en donde las inercias y la corrupci\u00f3n son dif\u00edciles de desterrar para hacerla funcionar de la mejor manera, procurando justicia a trav\u00e9s de la persecuci\u00f3n del delito. Sin embargo, ya deber\u00eda ser hora que se vayan viendo los resultados.<\/p>\n<p style=\"text-align: justify;\">Cierto. La integraci\u00f3n de carpetas de investigaci\u00f3n s\u00f3lo es una m\u00ednima parte de las facultades, responsabilidades y obligaciones de la Fiscal\u00eda General del Estado, sin embargo, mientras \u00e9stas no concluyan con la soluci\u00f3n de los casos, dif\u00edcilmente puede decirse que hay avances en materia de procuraci\u00f3n de justicia.<\/p>\n<p style=\"text-align: justify;\">Guerrero, y los guerrerenses lo merecen. M\u00e1s a\u00fan, no s\u00f3lo est\u00e1 el prestigio de quien hoy encabeza la Fiscal\u00eda, sino la instituci\u00f3n a la que pertenece.<\/p>\n<p style=\"text-align: justify;\">Para ello, no s\u00f3lo debe llenarse de militares la Fiscal\u00eda, sino de utilizar la experiencia que seguramente existe en el personal de la misma. Por supuesto, debe limpiarse la instituci\u00f3n, pues es indudable que existen vicios y actos de corrupci\u00f3n, pero tambi\u00e9n, sin duda, personal honorable que le ha dado prestigio.<\/p>\n<p style=\"text-align: justify;\">Ah, y tambi\u00e9n debe dejarse de andar en eventos, que si bien son de gobierno, nada tienen que ver con el combate del delito y la procuraci\u00f3n de justicia.<\/p>\n<p style=\"text-align: justify;\">Por cierto, \u00bfc\u00f3mo es que la Fiscal\u00eda, es decir, quien la encabeza, no fue llamada a cuentas por el Congreso del Estado, como parte de la glosa del primer Informe de Gobierno? Cierto que es una instituci\u00f3n aut\u00f3noma, pero entonces, \u00bfante qui\u00e9n responde? \u00bfAnte qui\u00e9n entrega cuentas?<\/p>\n<p style=\"text-align: justify;\">PD.- DOS HORAS DESPUES, LA FISCAL GENERAL Sandra Luz Valdovinos, quien se neg\u00f3 a recibir a un grupo de periodistas de Chilpancingo que hab\u00edan marchado desde la Plaza de la Libertad de Expresi\u00f3n hasta las oficinas de esa instituci\u00f3n, asist\u00eda al primer Informe de Actividades del DIF Guerrero. No parec\u00eda que estaba muy ocupada persiguiendo el delito, pese a que los periodistas quer\u00edan entregarle un documento al respecto.<\/p>\n<p style=\"text-align: justify;\">) S\u00edguenos en Facebook | @AcapulcoPress<br \/>\nhttps:\/\/www.facebook.com\/acapulcopress.news<\/p>\n","protected":false},"excerpt":{"rendered":"<p>Ep\u00edstolas Surianas \u00bb JULIO | AYALA CARLOS epistolassurianas@hotmail.com ) Facebook @julio.ayalacarlos A M\u00c1S DE UN A\u00d1O EN EL CARGO, LA FISCAL GENERAL del estado, Sandra Luz Valdovinos, parece que no le encuentra la cuadratura al c\u00edrculo. Y es que si bien integra carpetas de investigaci\u00f3n, los resultados son nulos. En efecto, no se ven por&#8230;<\/p>\n","protected":false},"author":2,"featured_media":1250050,"comment_status":"closed","ping_status":"closed","sticky":false,"template":"","format":"standard","meta":{"footnotes":""},"categories":[2071,1991],"tags":[8008,8703,11319,16014],"class_list":["post-1250049","post","type-post","status-publish","format-standard","has-post-thumbnail","hentry","category-opinion-analisis-columnas","category-libertad-de-expresion","tag-epistolas-surianas","tag-fiscalia-general-del-estado-de-guerrero-fge","tag-julio-ayala-carlos","tag-sandra-luz-valdovinos-salmeron"],"_links":{"self":[{"href":"https:\/\/www.acapulcopress.com\/index.php\/wp-json\/wp\/v2\/posts\/1250049","targetHints":{"allow":["GET"]}}],"collection":[{"href":"https:\/\/www.acapulcopress.com\/index.php\/wp-json\/wp\/v2\/posts"}],"about":[{"href":"https:\/\/www.acapulcopress.com\/index.php\/wp-json\/wp\/v2\/types\/post"}],"author":[{"embeddable":true,"href":"https:\/\/www.acapulcopress.com\/index.php\/wp-json\/wp\/v2\/users\/2"}],"replies":[{"embeddable":true,"href":"https:\/\/www.acapulcopress.com\/index.php\/wp-json\/wp\/v2\/comments?post=1250049"}],"version-history":[{"count":0,"href":"https:\/\/www.acapulcopress.com\/index.php\/wp-json\/wp\/v2\/posts\/1250049\/revisions"}],"wp:featuredmedia":[{"embeddable":true,"href":"https:\/\/www.acapulcopress.com\/index.php\/wp-json\/"}],"wp:attachment":[{"href":"https:\/\/www.acapulcopress.com\/index.php\/wp-json\/wp\/v2\/media?parent=1250049"}],"wp:term":[{"taxonomy":"category","embeddable":true,"href":"https:\/\/www.acapulcopress.com\/index.php\/wp-json\/wp\/v2\/categories?post=1250049"},{"taxonomy":"post_tag","embeddable":true,"href":"https:\/\/www.acapulcopress.com\/index.php\/wp-json\/wp\/v2\/tags?post=1250049"}],"curies":[{"name":"wp","href":"https:\/\/api.w.org\/{rel}","templated":true}]}}