{"id":1250057,"date":"2023-01-18T21:28:46","date_gmt":"2023-01-19T03:28:46","guid":{"rendered":"https:\/\/www.acapulcopress.com\/?p=1250057"},"modified":"2023-01-18T21:28:46","modified_gmt":"2023-01-19T03:28:46","slug":"presenta-estado-programas-y-reglas-de-operacion-ante-organizaciones-sociales","status":"publish","type":"post","link":"https:\/\/www.acapulcopress.com\/index.php\/2023\/01\/18\/presenta-estado-programas-y-reglas-de-operacion-ante-organizaciones-sociales\/","title":{"rendered":"Presenta Estado programas y reglas de operaci\u00f3n ante organizaciones sociales"},"content":{"rendered":"<p style=\"text-align: justify;\">CHILPANCINGO * 18 de enero de 2022.<br \/>\n<em>) Gobierno de Guerrero<\/em><br \/>\n<img loading=\"lazy\" decoding=\"async\" class=\"alignleft size-medium wp-image-1250059\" src=\"https:\/\/www.acapulcopress.com\/wp-content\/uploads\/2023\/01\/PROGRAMAS-SOCIALES2-375x250.jpg\" alt=\"\" width=\"375\" height=\"250\" \/>El Director General de Gobernaci\u00f3n, Francisco Rodr\u00edguez Cisneros, se reuni\u00f3 con integrantes de 31 organizaciones sociales del estado de Guerrero con la finalidad de dar a conocer mediante una presentaci\u00f3n, los diferentes programas sociales que se implementar\u00e1n durante el ejercicio fiscal 2023.<\/p>\n<p style=\"text-align: justify;\">Los representantes del gobierno estatal, realizaron una presentaci\u00f3n de los programas sociales relacionados con apoyos y proyectos productivos, as\u00ed como reglas de operaci\u00f3n de los mismos, con el objetivo de informar y brindar asesor\u00eda a las organizaciones, y as\u00ed, realicen las gestiones y solicitudes pertinentes.<\/p>\n<p style=\"text-align: justify;\">Durante su intervenci\u00f3n, Rodr\u00edguez Cisneros manifest\u00f3 ante las organizaciones, que es una <img loading=\"lazy\" decoding=\"async\" class=\"alignleft size-medium wp-image-1250060\" src=\"https:\/\/www.acapulcopress.com\/wp-content\/uploads\/2023\/01\/PROGRAMAS-SOCIALES3-375x250.jpg\" alt=\"\" width=\"375\" height=\"250\" \/>prioridad para el gobierno de la transformaci\u00f3n que encabeza la gobernadora Evelyn Salgado Pineda el bienestar de las familias guerrerenses, \u201cque nadie quede atr\u00e1s y nadie quede afuera\u201d, se\u00f1al\u00f3.<\/p>\n<p style=\"text-align: justify;\">En el encuentro tambi\u00e9n participaron, el Director del Sistema DIF Guerrero, Antelmo Magdaleno Sol\u00eds; el subsecretario de Pol\u00edtica Social, Hossein Nabor Guill\u00e9n; y el subsecretario de Fomento Econ\u00f3mico, Jorge Eblem\u00a0Azar\u00a0Silvera.<\/p>\n<p style=\"text-align: justify;\"><em>) S\u00edguenos en Facebook | @<a href=\"https:\/\/www.facebook.com\/acapulcopress.news\" target=\"_blank\" rel=\"noopener\">AcapulcoPress<\/a><\/em><\/p>\n","protected":false},"excerpt":{"rendered":"<p>CHILPANCINGO * 18 de enero de 2022. ) Gobierno de Guerrero El Director General de Gobernaci\u00f3n, Francisco Rodr\u00edguez Cisneros, se reuni\u00f3 con integrantes de 31 organizaciones sociales del estado de Guerrero con la finalidad de dar a conocer mediante una presentaci\u00f3n, los diferentes programas sociales que se implementar\u00e1n durante el ejercicio fiscal 2023. Los representantes&#8230;<\/p>\n","protected":false},"author":2,"featured_media":1250058,"comment_status":"closed","ping_status":"closed","sticky":false,"template":"","format":"standard","meta":{"footnotes":""},"categories":[1983,18561],"tags":[9302],"class_list":["post-1250057","post","type-post","status-publish","format-standard","has-post-thumbnail","hentry","category-guerrerogob","category-society-politics","tag-gobierno-de-guerrero"],"_links":{"self":[{"href":"https:\/\/www.acapulcopress.com\/index.php\/wp-json\/wp\/v2\/posts\/1250057","targetHints":{"allow":["GET"]}}],"collection":[{"href":"https:\/\/www.acapulcopress.com\/index.php\/wp-json\/wp\/v2\/posts"}],"about":[{"href":"https:\/\/www.acapulcopress.com\/index.php\/wp-json\/wp\/v2\/types\/post"}],"author":[{"embeddable":true,"href":"https:\/\/www.acapulcopress.com\/index.php\/wp-json\/wp\/v2\/users\/2"}],"replies":[{"embeddable":true,"href":"https:\/\/www.acapulcopress.com\/index.php\/wp-json\/wp\/v2\/comments?post=1250057"}],"version-history":[{"count":0,"href":"https:\/\/www.acapulcopress.com\/index.php\/wp-json\/wp\/v2\/posts\/1250057\/revisions"}],"wp:featuredmedia":[{"embeddable":true,"href":"https:\/\/www.acapulcopress.com\/index.php\/wp-json\/"}],"wp:attachment":[{"href":"https:\/\/www.acapulcopress.com\/index.php\/wp-json\/wp\/v2\/media?parent=1250057"}],"wp:term":[{"taxonomy":"category","embeddable":true,"href":"https:\/\/www.acapulcopress.com\/index.php\/wp-json\/wp\/v2\/categories?post=1250057"},{"taxonomy":"post_tag","embeddable":true,"href":"https:\/\/www.acapulcopress.com\/index.php\/wp-json\/wp\/v2\/tags?post=1250057"}],"curies":[{"name":"wp","href":"https:\/\/api.w.org\/{rel}","templated":true}]}}