{"id":1250075,"date":"2023-01-19T18:25:52","date_gmt":"2023-01-20T00:25:52","guid":{"rendered":"https:\/\/www.acapulcopress.com\/?p=1250075"},"modified":"2023-01-19T18:25:52","modified_gmt":"2023-01-20T00:25:52","slug":"soberania-nacional-por-encima-de-intereses-privados","status":"publish","type":"post","link":"https:\/\/www.acapulcopress.com\/index.php\/2023\/01\/19\/soberania-nacional-por-encima-de-intereses-privados\/","title":{"rendered":"Soberan\u00eda nacional, por encima de intereses privados"},"content":{"rendered":"<p style=\"text-align: justify;\">Pol\u00edtica Al Margen<br \/>\n\u00bb JAIME | ARIZMENDI GONZ\u00c1LEZ<br \/>\n\u00bb argondirector@gmail.com \/ argonmexico@gmail.com<br \/>\n<em>) Facebook @<a href=\"https:\/\/www.facebook.com\/JaimeArizmendiGlez\" target=\"_blank\" rel=\"noopener\">JaimeArizmendiGlez<\/a><\/em><\/p>\n<p style=\"text-align: justify;\"><strong><em>* Soberan\u00eda nacional, por encima de intereses privados: Armenta<\/em><\/strong><br \/>\n<em>* \u00a1Cuidado con el acoso laboral en Sader y otras dependencias<\/em><\/p>\n<p style=\"text-align: justify;\">\u00a1Basta de abusos!\u2026 Luego que la Comisi\u00f3n Permanente del Congreso de la Uni\u00f3n aprobara la designaci\u00f3n de Omar Mej\u00eda como subgobernador del Banco de M\u00e9xico, y de Leopoldo Melchi como presidente consejero de la Comisi\u00f3n Reguladora de Energ\u00eda (CRE); el senador Alejandro Armenta previno que la \u201cautonom\u00eda\u201d de organismos no los pone encima de la Soberan\u00eda Nacional.<\/p>\n<p style=\"text-align: justify;\">En rueda de prensa ofrecida este mi\u00e9rcoles al t\u00e9rmino de la sesi\u00f3n en el Palacio Legislativo de San L\u00e1zaro, el presidente de la Mesa Directiva del Senado repuso que estos nombramientos aseguran la certeza jur\u00eddica en esos organismos; y ratific\u00f3 su denuncia contra exservidores p\u00fablicos y en funciones involucrados en la autorizaci\u00f3n de 31 concesiones para explotar el litio en M\u00e9xico.<\/p>\n<p style=\"text-align: justify;\">Sostuvo que la autonom\u00eda \u201cno es supremac\u00eda constitucional\u201d, implica que un organismo cuenta con la personalidad jur\u00eddica para poder actuar m\u00e1s all\u00e1 de intereses privados o p\u00fablicos, \u201cpara actuar con intereses de Estado, y los intereses de Estado significan que el bien p\u00fablico se sobreponga a cualquier intento de aprovechamiento de nuestros recursos naturales\u201d.<\/p>\n<p style=\"text-align: justify;\">Por ello, hizo un llamado al presidente de la CRE, Leopoldo Melchi quien fue ratificado por la Comisi\u00f3n Permanente, a que act\u00fae con apego a los intereses de nuestra naci\u00f3n. \u201cConsideramos que es muy importante que la Comisi\u00f3n Reguladora de Energ\u00eda se convierta en un verdadero agente aut\u00f3nomo, que proteja los intereses del Estado mexicano y el inter\u00e9s p\u00fablico\u201d.<\/p>\n<p style=\"text-align: justify;\">Inquirido si a esos \u201cservidores p\u00fablicos\u201d a\u00fan se les puede aplicar penalizaci\u00f3n o inhabilitaci\u00f3n, por haber avalado tales da\u00f1os a propiedades de la naci\u00f3n, repuso que este organismo ha sido cuestionado severamente en los \u00faltimos a\u00f1os, por avalar pr\u00e1cticas monop\u00f3licas, \u201cy por ser complaciente frente a la entrega de concesiones mineras, fundamentalmente en materia de litio\u201d.<\/p>\n<p style=\"text-align: justify;\">Para recordar que la CRE aval\u00f3 la entrega de 31 concesiones mineras a empresas extranjeras para la explotaci\u00f3n y aprovechamiento de dicho mineral, por lo que desde el Senado de la Rep\u00fablica se denunci\u00f3 la actuaci\u00f3n de los integrantes de dicha Comisi\u00f3n, \u201cque se convirtieron en un ente al servicio de los intereses supranacionales o extranjeros\u201d.<\/p>\n<p>Armenta Mier enjuici\u00f3 que tanto la Comisi\u00f3n Federal de Competencia Econ\u00f3mica, como la Comisi\u00f3n Reguladora de Energ\u00eda deben jugar un papel articulador para proteger los intereses del pa\u00eds, pero no ha sucedido as\u00ed.<\/p>\n<p style=\"text-align: justify;\">Incluso, record\u00f3 haber presentado una denuncia porque la CRE entreg\u00f3 31 concesiones del litio, como por autorizar la compraventa de la empresa Bacanora Lithium, en Sonora, donde canadienses obtuvieron ganancias por arriba de los dos mil 600 millones de pesos, s\u00f3lo por vender la concesi\u00f3n, sin que nuestro pa\u00eds hubiera obtenido un solo peso; lo que consider\u00f3 un grave da\u00f1o patrimonial.<\/p>\n<p style=\"text-align: justify;\">La Funci\u00f3n P\u00fablica tiene como facultad investigar y sancionar, y la Fiscal\u00eda General de la Rep\u00fablica tambi\u00e9n es competente para investigar la responsabilidad de los servidores p\u00fablicos en actos u omisiones, no s\u00f3lo en el \u00e1mbito cuantitativo respecto al ejercicio del gasto, sino en el \u00e1mbito cualitativo, porque hay decisiones cualitativas que implican da\u00f1o moral por traici\u00f3n a la patria.<\/p>\n<p style=\"text-align: justify;\">Que no piensen los integrantes de los entes aut\u00f3nomos que son soberanos&#8230; No son electos para ocupar un cargo de principados o de reyes absolutistas. \u00a1No! Son servidores p\u00fablicos. \u201cLos titulares de los entes aut\u00f3nomos son servidores p\u00fablicos, no se eligen como monarcas ni como principados; por lo tanto, tienen que rendir cuentas\u201d. Castigo por colusi\u00f3n o por indolencia\u2026<\/p>\n<p style=\"text-align: justify;\">No se termina la herencia maldita\u2026 Aunque han pasado m\u00e1s de cuatro a\u00f1os desde el inicio del gobierno de la Cuarta Transformaci\u00f3n, todav\u00eda prevalecen pr\u00e1cticas de abusos y acoso laboral en dependencias de la Administraci\u00f3n P\u00fablica Federal, como en las Secretar\u00edas del Bienestar, Salud, Agricultura y otras, donde \u201cjefecitos\u201d incluso amenazan de muerte a subalternos.<\/p>\n<p style=\"text-align: justify;\">Casos que en este espacio hemos denunciado desde hace m\u00e1s de dos d\u00e9cadas se repiten todav\u00eda a la fecha, a pesar de que muchas de las personas v\u00edctimas afirman haber votado por el cambio que ofrec\u00eda el lopezobradorismo en su campa\u00f1a, cuando se repet\u00eda el compromiso de acabar con ese esquema inquisitorial de tiempos de la era neoliberal.<br \/>\nConstantes han sido las acusaciones de supuestos \u201cservidores p\u00fablicos\u201d que ni comprenden, mucho menos entienden que sus subalternos no son aquellos campesinos que laboraban en las condiciones de explotaci\u00f3n en haciendas y en las tiendas de raya de la era porfirista.<\/p>\n<p style=\"text-align: justify;\">Durante los dos primeros a\u00f1os de la actual gesti\u00f3n gubernamental federal, muchos empleados de la Secretar\u00eda de Bienestar, de aquellos llamados \u201cservidores de la naci\u00f3n\u201d, alzaron la voz para acusar que eran objeto de abusos de parte de jefes y delegados estatales; incluso llegaron a tomar las instalaciones federales en las localidades, hasta que consiguieron ser escuchados.<\/p>\n<p style=\"text-align: justify;\">Tambi\u00e9n aqu\u00ed reportamos cuando trabajadores del Instituto Nacional de la Infraestructura F\u00edsica Educativa (Inifed), se\u00f1alaron ser v\u00edctimas de abusos, burlas y acoso de directivos del organismo (ahora rumbo a la extinci\u00f3n), por lo que, desde la cabeza de sector, la Secretar\u00eda de Educaci\u00f3n P\u00fablica se puso orden y relevaron al director general.<\/p>\n<p style=\"text-align: justify;\">Pese a todo, esa considerada \u201cherencia maldita\u201d del sector formado por mandos medios en oficinas federales, siguen haciendo de las suyas. De ello no se ha podido librar la Secretar\u00eda de Agricultura y Desarrollo Rural (Sader) donde, bajo el pretexto del Servicio Profesional de Carrera, \u201cjefecitos\u201d heredados por la anterior administraci\u00f3n hasta amenazan de muerte a empleados.<\/p>\n<p style=\"text-align: justify;\">En pr\u00f3ximas entregas haremos saber al titular de la Sader, V\u00edctor Manuel Villalobos Ar\u00e1mbula, con datos contenidos en denuncias penales y quejas ante el OIC, por qu\u00e9 urge erradicar a quienes se han enquistado en direcciones y dem\u00e1s oficinas, cuando en nada ayudan a la 4-T a lograr una verdadera transformaci\u00f3n en la funci\u00f3n p\u00fablica. Manzanas podridas, pudren a sus vecinas\u2026<br \/>\n<strong>www. <a href=\"https:\/\/argonmexico.com\/\" target=\"_blank\" rel=\"noopener\">argonmexico<\/a>.com<\/strong><\/p>\n<p style=\"text-align: justify;\"><em>) S\u00edguenos en Facebook | @<a href=\"https:\/\/www.facebook.com\/acapulcopress.news\" target=\"_blank\" rel=\"noopener\">AcapulcoPress<\/a><\/em><\/p>\n","protected":false},"excerpt":{"rendered":"<p>Pol\u00edtica Al Margen \u00bb JAIME | ARIZMENDI GONZ\u00c1LEZ \u00bb argondirector@gmail.com \/ argonmexico@gmail.com ) Facebook @JaimeArizmendiGlez * Soberan\u00eda nacional, por encima de intereses privados: Armenta * \u00a1Cuidado con el acoso laboral en Sader y otras dependencias \u00a1Basta de abusos!\u2026 Luego que la Comisi\u00f3n Permanente del Congreso de la Uni\u00f3n aprobara la designaci\u00f3n de Omar Mej\u00eda como&#8230;<\/p>\n","protected":false},"author":2,"featured_media":1250076,"comment_status":"closed","ping_status":"closed","sticky":false,"template":"","format":"standard","meta":{"footnotes":""},"categories":[2071,1991],"tags":[10549,14760],"class_list":["post-1250075","post","type-post","status-publish","format-standard","has-post-thumbnail","hentry","category-opinion-analisis-columnas","category-libertad-de-expresion","tag-jaime-arizmendi-gonzalez","tag-politica-al-margen"],"_links":{"self":[{"href":"https:\/\/www.acapulcopress.com\/index.php\/wp-json\/wp\/v2\/posts\/1250075","targetHints":{"allow":["GET"]}}],"collection":[{"href":"https:\/\/www.acapulcopress.com\/index.php\/wp-json\/wp\/v2\/posts"}],"about":[{"href":"https:\/\/www.acapulcopress.com\/index.php\/wp-json\/wp\/v2\/types\/post"}],"author":[{"embeddable":true,"href":"https:\/\/www.acapulcopress.com\/index.php\/wp-json\/wp\/v2\/users\/2"}],"replies":[{"embeddable":true,"href":"https:\/\/www.acapulcopress.com\/index.php\/wp-json\/wp\/v2\/comments?post=1250075"}],"version-history":[{"count":0,"href":"https:\/\/www.acapulcopress.com\/index.php\/wp-json\/wp\/v2\/posts\/1250075\/revisions"}],"wp:featuredmedia":[{"embeddable":true,"href":"https:\/\/www.acapulcopress.com\/index.php\/wp-json\/"}],"wp:attachment":[{"href":"https:\/\/www.acapulcopress.com\/index.php\/wp-json\/wp\/v2\/media?parent=1250075"}],"wp:term":[{"taxonomy":"category","embeddable":true,"href":"https:\/\/www.acapulcopress.com\/index.php\/wp-json\/wp\/v2\/categories?post=1250075"},{"taxonomy":"post_tag","embeddable":true,"href":"https:\/\/www.acapulcopress.com\/index.php\/wp-json\/wp\/v2\/tags?post=1250075"}],"curies":[{"name":"wp","href":"https:\/\/api.w.org\/{rel}","templated":true}]}}