{"id":1250079,"date":"2023-01-19T18:43:38","date_gmt":"2023-01-20T00:43:38","guid":{"rendered":"https:\/\/www.acapulcopress.com\/?p=1250079"},"modified":"2023-01-19T18:43:38","modified_gmt":"2023-01-20T00:43:38","slug":"atiende-secretario-de-educacion-estatal-marcial-rodriguez-saldana-a-representantes-del-suspeg","status":"publish","type":"post","link":"https:\/\/www.acapulcopress.com\/index.php\/2023\/01\/19\/atiende-secretario-de-educacion-estatal-marcial-rodriguez-saldana-a-representantes-del-suspeg\/","title":{"rendered":"Atiende secretario de Educaci\u00f3n estatal, Marcial Rodr\u00edguez Salda\u00f1a, a representantes del SUSPEG"},"content":{"rendered":"<p style=\"text-align: justify;\">CHILPANCINGO * 19 de enero de 2022.<br \/>\n<em>) Secretar\u00eda de Educaci\u00f3n Guerrero<\/em><br \/>\nEl secretario de Educaci\u00f3n en la entidad, Marcial Rodr\u00edguez Salda\u00f1a, sostuvo una reuni\u00f3n <img loading=\"lazy\" decoding=\"async\" class=\"alignleft size-medium wp-image-1250081\" src=\"https:\/\/www.acapulcopress.com\/wp-content\/uploads\/2023\/01\/MARCIAL-RODRIGUEZ2-375x202.jpg\" alt=\"\" width=\"375\" height=\"202\" \/>de trabajo con representantes del Sindicato \u00danico de Servidores P\u00fablicos del Estado de Guerrero (SUSPEG), encabezados por la secretaria general de dicha central sindicalista, Adela Hern\u00e1ndez Angelito, con quienes abord\u00f3 sus demandas laborales.<\/p>\n<p style=\"text-align: justify;\">El responsable de la educaci\u00f3n en Guerrero manifest\u00f3 que la indicaci\u00f3n de la gobernadora Evelyn Salgado Pineda es la de mantener un di\u00e1logo permanente con todo el sector educativo y atender sus demandas.<\/p>\n<p style=\"text-align: justify;\">Estuvieron en la reuni\u00f3n el subsecretario de Planeaci\u00f3n Educativa, Benjam\u00edn Adame Pereyra; la secretaria T\u00e9cnica, Luisa Ayala Mondrag\u00f3n; la directora general de la Unidad Estatal del Sistema para la Carrera de los Maestros y las Maestras (Uesicamm), Lucila Rangel Santos, y la directora general de Planeaci\u00f3n, Mayt\u00e9 Piza Rodr\u00edguez.<\/p>\n<p style=\"text-align: justify;\"><em>) S\u00edguenos en Facebook | @<a href=\"https:\/\/www.facebook.com\/acapulcopress.news\" target=\"_blank\" rel=\"noopener\">AcapulcoPress<\/a><\/em><\/p>\n","protected":false},"excerpt":{"rendered":"<p>CHILPANCINGO * 19 de enero de 2022. ) Secretar\u00eda de Educaci\u00f3n Guerrero El secretario de Educaci\u00f3n en la entidad, Marcial Rodr\u00edguez Salda\u00f1a, sostuvo una reuni\u00f3n de trabajo con representantes del Sindicato \u00danico de Servidores P\u00fablicos del Estado de Guerrero (SUSPEG), encabezados por la secretaria general de dicha central sindicalista, Adela Hern\u00e1ndez Angelito, con quienes abord\u00f3&#8230;<\/p>\n","protected":false},"author":2,"featured_media":1250080,"comment_status":"closed","ping_status":"closed","sticky":false,"template":"","format":"standard","meta":{"footnotes":""},"categories":[18561,2081],"tags":[10123,12457,16169,17560],"class_list":["post-1250079","post","type-post","status-publish","format-standard","has-post-thumbnail","hentry","category-society-politics","category-seg","tag-indicato-unico-de-servidores-publicos-del-estado-de-guerrero-suspeg","tag-marcial-rodriguez-saldana","tag-secretaria-de-educacion-guerrero-seg","tag-unidad-estatal-del-sistema-para-la-carrera-de-los-maestros-y-las-maestras-uesicamm"],"_links":{"self":[{"href":"https:\/\/www.acapulcopress.com\/index.php\/wp-json\/wp\/v2\/posts\/1250079","targetHints":{"allow":["GET"]}}],"collection":[{"href":"https:\/\/www.acapulcopress.com\/index.php\/wp-json\/wp\/v2\/posts"}],"about":[{"href":"https:\/\/www.acapulcopress.com\/index.php\/wp-json\/wp\/v2\/types\/post"}],"author":[{"embeddable":true,"href":"https:\/\/www.acapulcopress.com\/index.php\/wp-json\/wp\/v2\/users\/2"}],"replies":[{"embeddable":true,"href":"https:\/\/www.acapulcopress.com\/index.php\/wp-json\/wp\/v2\/comments?post=1250079"}],"version-history":[{"count":0,"href":"https:\/\/www.acapulcopress.com\/index.php\/wp-json\/wp\/v2\/posts\/1250079\/revisions"}],"wp:featuredmedia":[{"embeddable":true,"href":"https:\/\/www.acapulcopress.com\/index.php\/wp-json\/"}],"wp:attachment":[{"href":"https:\/\/www.acapulcopress.com\/index.php\/wp-json\/wp\/v2\/media?parent=1250079"}],"wp:term":[{"taxonomy":"category","embeddable":true,"href":"https:\/\/www.acapulcopress.com\/index.php\/wp-json\/wp\/v2\/categories?post=1250079"},{"taxonomy":"post_tag","embeddable":true,"href":"https:\/\/www.acapulcopress.com\/index.php\/wp-json\/wp\/v2\/tags?post=1250079"}],"curies":[{"name":"wp","href":"https:\/\/api.w.org\/{rel}","templated":true}]}}