{"id":1250084,"date":"2023-01-19T19:06:47","date_gmt":"2023-01-20T01:06:47","guid":{"rendered":"https:\/\/www.acapulcopress.com\/?p=1250084"},"modified":"2023-01-19T19:06:47","modified_gmt":"2023-01-20T01:06:47","slug":"segalmex-y-guerrerogob-firman-convenio-para-garantizar-abasto-alimentario-en-la-entidad","status":"publish","type":"post","link":"https:\/\/www.acapulcopress.com\/index.php\/2023\/01\/19\/segalmex-y-guerrerogob-firman-convenio-para-garantizar-abasto-alimentario-en-la-entidad\/","title":{"rendered":"Segalmex y #GuerreroGob firman convenio para garantizar abasto alimentario en la entidad"},"content":{"rendered":"<p style=\"text-align: justify;\">CHILPANCINGO * 19 de enero de 2022.<br \/>\n<em>) Gobierno de Guerrero<\/em><br \/>\nPara fortalecer las acciones en apoyo a la econom\u00eda de la poblaci\u00f3n m\u00e1s vulnerable en el <img loading=\"lazy\" decoding=\"async\" class=\"alignleft size-medium wp-image-1250090\" src=\"https:\/\/www.acapulcopress.com\/wp-content\/uploads\/2023\/01\/gro.segalmex6-375x562.jpg\" alt=\"\" width=\"375\" height=\"562\" \/>estado, la gobernadora Evelyn Salgado Pineda, firm\u00f3 un convenio de coordinaci\u00f3n con el Director General de Segalmex, Leonel Cota Monta\u00f1o, a fin de sumar esfuerzos para profundizar y consolidar los programas de abasto Diconsa &#8211; Liconsa a m\u00e1s de 270 mil beneficiarios, con la apertura de m\u00e1s puntos de ventas, para garantizar la seguridad alimentaria con desarrollo y bienestar en Guerrero.<\/p>\n<p style=\"text-align: justify;\">\u00abEn suma vamos a fortalecer y consolidar los trabajos y los programas de esta instituci\u00f3n en un \u00e9nfasis muy especial en el programa de abasto rural para garantizar el apoyo que est\u00e1n recibiendo m\u00e1s de 270 mil beneficiarios de todos los municipios que tienen acceso a la leche con un precio preferencial y as\u00ed las poblaciones prioritarias se van a beneficiar de este programa social y humanista\u00bb, afirm\u00f3 Evelyn Salgado.<\/p>\n<p style=\"text-align: justify;\">La mandataria estatal, dio la bienvenida a Guerrero al titular de Segalmex, Leonel Cota Monta\u00f1o, en su gira de trabajo por el estado en el marco del 43 Aniversario de Diconsa, para celebrar este convenio para fortalecer la estructura operativa y los trabajos de esta instituci\u00f3n, con acuerdos de colaboraci\u00f3n con el gobierno del estado en el suministro de <img loading=\"lazy\" decoding=\"async\" class=\"alignleft size-medium wp-image-1250089\" src=\"https:\/\/www.acapulcopress.com\/wp-content\/uploads\/2023\/01\/gro.segalmex5-375x250.jpg\" alt=\"\" width=\"375\" height=\"250\" \/>productos alimentarios a costos preferenciales a trav\u00e9s de la apertura de m\u00e1s puntos de venta y tiendas con presencia en las ocho regiones del estado.<\/p>\n<p style=\"text-align: justify;\">La mandataria estatal, dio la bienvenida a Guerrero al titular de Segalmex, Leonel Cota Monta\u00f1o, en su gira de trabajo por el estado en el marco del 43 Aniversario de Diconsa, para celebrar este convenio para fortalecer la estructura operativa y los trabajos de esta instituci\u00f3n, con acuerdos de colaboraci\u00f3n con el gobierno del estado en el suministro de productos alimentarios a costos preferenciales a trav\u00e9s de la apertura de m\u00e1s puntos de venta y tiendas con presencia en las ocho regiones del estado.<\/p>\n<p style=\"text-align: justify;\">\u00abEstamos muy contentos de celebrar este convenio en el que sin duda vamos a profundizar <img loading=\"lazy\" decoding=\"async\" class=\"alignleft size-medium wp-image-1250086\" src=\"https:\/\/www.acapulcopress.com\/wp-content\/uploads\/2023\/01\/gro.segalmex2-375x250.jpg\" alt=\"\" width=\"375\" height=\"250\" \/>todos los trabajos de Segalmex en Guerrero. Que toda la familia Segalmex sepa que cuenta con todo el apoyo y respaldo de la gobernadora que es su amiga y aliada, y vamos a seguir trabajando juntos, porque solo trabajando en equipo es como se logran mejores resultados\u00bb, puntualiz\u00f3 Evelyn Salgado.<\/p>\n<p style=\"text-align: justify;\">La gobernadora, dijo que en Guerrero se garantiza la transformaci\u00f3n alimentaria en todos y cada uno de los rincones del estado, empezando donde m\u00e1s se necesita, priorizando a los m\u00e1s pobres y los sectores m\u00e1s vulnerables, garantizando la operaci\u00f3n de las mil 600 tiendas Diconsa &#8211; Liconsa, adem\u00e1s de abrir nuevos puntos de distribuci\u00f3n en zonas de alta marginaci\u00f3n en Guerrero.<\/p>\n<p style=\"text-align: justify;\">En las instalaciones centrales de Segalmex en Guerrero, con la presencia del personal de <img loading=\"lazy\" decoding=\"async\" class=\"alignleft size-medium wp-image-1250090\" src=\"https:\/\/www.acapulcopress.com\/wp-content\/uploads\/2023\/01\/gro.segalmex6-375x562.jpg\" alt=\"\" width=\"375\" height=\"562\" \/>los 15 almacenes rurales, la gobernadora Evelyn Salgado y Leonel Cota Monta\u00f1o, entregaron reconocimientos al personal con mayor antig\u00fcedad de servicio en Guerrero, consolidando la relaci\u00f3n de colaboraci\u00f3n entre el gobierno del estado y Segalmex para garantizar la seguridad alimentaria en Guerrero.<\/p>\n<p style=\"text-align: justify;\">El director general de Seguridad Alimentaria Mexicana (Segalmex), Leonel Cota, puntualiz\u00f3 que en Guerrero se tiene el objetivo de aperturar 40 nuevos puntos de venta, bajo el concepto de tienda Diconsa &#8211; Liconsa con el objetivo de llegar a mil 600 establecimientos, adem\u00e1s dijo que la meta del programa de Leche Liconsa para finales de este 2023 es afiliar a 250 mil personas en Guerrero, atendiendo colonias populares en Guerrero y el pa\u00eds.<\/p>\n<p style=\"text-align: justify;\">Dijo que el objetivo de que el costo de los productos de la canasta b\u00e1sica sean bajos en las tiendas Diconsa &#8211; Liconsa, es para contener el precio en las cadenas comerciales de la iniciativa privada; por otro lado, el funcionario federal, dijo que en tema del fertilizante gratuito en Guerrero este a\u00f1o se tiene la meta de beneficiar a 320 mil productores de ma\u00edz y frijol de forma directa.<\/p>\n<p style=\"text-align: justify;\">Previo al evento, la gobernadora Evelyn Salgado, realiz\u00f3 un recorrido por una exposici\u00f3n gastron\u00f3mica de los productos alimenticios que se producen y elaboran en cada una de las regiones del estado y que fortalecen la seguridad alimentaria de las familias, adem\u00e1s de formar parte de actividades econ\u00f3mica en la entidad.<\/p>\n<p style=\"text-align: justify;\">Asistieron al evento la Presidenta de la Junta de Coordinaci\u00f3n Pol\u00edtica, Yoloczin Dom\u00ednguez Serna; el Presidente del Tribunal Superior de Justicia, Raymundo Casarrubias V\u00e1zquez, la Alcaldesa de Chilpancingo, Norma Otilia Hern\u00e1ndez; Mirna Gonz\u00e1lez Rojas, subgerente de la unidad operativa Diconsa Guerrero y el secretario general de Gobierno, Ludwig Marcial Reynoso N\u00fa\u00f1ez; entre otros\u00a0funcionarios.<\/p>\n<p style=\"text-align: justify;\"><em>) S\u00edguenos en Facebook | @AcapulcoPress<\/em><\/p>\n","protected":false},"excerpt":{"rendered":"<p>CHILPANCINGO * 19 de enero de 2022. ) Gobierno de Guerrero Para fortalecer las acciones en apoyo a la econom\u00eda de la poblaci\u00f3n m\u00e1s vulnerable en el estado, la gobernadora Evelyn Salgado Pineda, firm\u00f3 un convenio de coordinaci\u00f3n con el Director General de Segalmex, Leonel Cota Monta\u00f1o, a fin de sumar esfuerzos para profundizar y&#8230;<\/p>\n","protected":false},"author":2,"featured_media":1250085,"comment_status":"closed","ping_status":"closed","sticky":false,"template":"","format":"standard","meta":{"footnotes":""},"categories":[1972,1983,18561],"tags":[8245,11759],"class_list":["post-1250084","post","type-post","status-publish","format-standard","has-post-thumbnail","hentry","category-special","category-guerrerogob","category-society-politics","tag-evelyn-salgado","tag-leonel-cota-montano"],"_links":{"self":[{"href":"https:\/\/www.acapulcopress.com\/index.php\/wp-json\/wp\/v2\/posts\/1250084","targetHints":{"allow":["GET"]}}],"collection":[{"href":"https:\/\/www.acapulcopress.com\/index.php\/wp-json\/wp\/v2\/posts"}],"about":[{"href":"https:\/\/www.acapulcopress.com\/index.php\/wp-json\/wp\/v2\/types\/post"}],"author":[{"embeddable":true,"href":"https:\/\/www.acapulcopress.com\/index.php\/wp-json\/wp\/v2\/users\/2"}],"replies":[{"embeddable":true,"href":"https:\/\/www.acapulcopress.com\/index.php\/wp-json\/wp\/v2\/comments?post=1250084"}],"version-history":[{"count":0,"href":"https:\/\/www.acapulcopress.com\/index.php\/wp-json\/wp\/v2\/posts\/1250084\/revisions"}],"wp:featuredmedia":[{"embeddable":true,"href":"https:\/\/www.acapulcopress.com\/index.php\/wp-json\/"}],"wp:attachment":[{"href":"https:\/\/www.acapulcopress.com\/index.php\/wp-json\/wp\/v2\/media?parent=1250084"}],"wp:term":[{"taxonomy":"category","embeddable":true,"href":"https:\/\/www.acapulcopress.com\/index.php\/wp-json\/wp\/v2\/categories?post=1250084"},{"taxonomy":"post_tag","embeddable":true,"href":"https:\/\/www.acapulcopress.com\/index.php\/wp-json\/wp\/v2\/tags?post=1250084"}],"curies":[{"name":"wp","href":"https:\/\/api.w.org\/{rel}","templated":true}]}}