{"id":1250092,"date":"2023-01-19T19:35:09","date_gmt":"2023-01-20T01:35:09","guid":{"rendered":"https:\/\/www.acapulcopress.com\/?p=1250092"},"modified":"2023-01-19T19:35:09","modified_gmt":"2023-01-20T01:35:09","slug":"anuncia-difgro-gestion-de-mas-apoyos-y-programas-sociales-para-familias-guerrerenses","status":"publish","type":"post","link":"https:\/\/www.acapulcopress.com\/index.php\/2023\/01\/19\/anuncia-difgro-gestion-de-mas-apoyos-y-programas-sociales-para-familias-guerrerenses\/","title":{"rendered":"Anuncia #DIFGro gesti\u00f3n de m\u00e1s apoyos y programas sociales para familias guerrerenses"},"content":{"rendered":"<p style=\"text-align: justify;\">MOCHITL\u00c1N * 19 de enero de 2022.<br \/>\n<em>) Gobierno de Guerrero<\/em><br \/>\nDurante la reuni\u00f3n regional con presidentas y presidentes de los sistemas municipales DIF <img loading=\"lazy\" decoding=\"async\" class=\"alignleft size-medium wp-image-1250096\" src=\"https:\/\/www.acapulcopress.com\/wp-content\/uploads\/2023\/01\/difgro4-1-375x251.jpg\" alt=\"\" width=\"375\" height=\"251\" \/>de la zona Centro del estado, la presidenta honoraria del DIF Guerrero, Liz Adriana Salgado Pineda, ofreci\u00f3 gestionar ante instituciones p\u00fablicas y la iniciativa privada un incremento de los programas de asistencia social que ser\u00e1n entregados a los grupos prioritarios en este 2023.<\/p>\n<p style=\"text-align: justify;\">El DIF Guerrero realiz\u00f3 un encuentro regional encabezado por la presidenta honoraria, Liz Salgado Pineda en el municipio de Mochitl\u00e1n, reuni\u00f3n a la que acudieron once representantes de los sistemas municipales DIF, as\u00ed como los alcaldes de M\u00e1rtir de Cuilapan, Quechultenango y Mochitl\u00e1n, quienes respaldaron y reconocieron los esfuerzos que realiza Liz Salgado por los grupos prioritarios de la entidad.<\/p>\n<p style=\"text-align: justify;\">En su mensaje, Liz Salgado asegur\u00f3 que para este a\u00f1o 2023, el DIF estatal gestionar\u00e1 m\u00e1s <img loading=\"lazy\" decoding=\"async\" class=\"alignleft size-medium wp-image-1250095\" src=\"https:\/\/www.acapulcopress.com\/wp-content\/uploads\/2023\/01\/difgro3-1-375x250.jpg\" alt=\"\" width=\"375\" height=\"250\" \/>apoyos, programas y recursos econ\u00f3micos ante instituciones p\u00fablicas y privadas para favorecer a m\u00e1s familias, sobre todo las que viven en zonas de alta y muy alta marginaci\u00f3n, porque son los que m\u00e1s lo necesitan.<\/p>\n<p style=\"text-align: justify;\">El compromiso que estableci\u00f3 la presidenta ante los sistemas municipales DIF es partiendo de la pol\u00edtica de la gobernadora Evelyn Salgado Pineda, quien tiene como prioridad que los programas de asistencia social tengan enfoque de paz y de derechos humanos.<\/p>\n<p style=\"text-align: justify;\">En esta primera reuni\u00f3n anual, acudieron los representantes del sistema municipales DIF de los municipios de Jos\u00e9 Joaqu\u00edn de Herrera, Chilapa, Eduardo Neri, Tixtla, Chilpancingo y el municipio anfitri\u00f3n Mochitl\u00e1n, entre otros.<\/p>\n<p>Por \u00faltimo, la presidenta Liz Salgado puntualiz\u00f3 que el DIF Guerrero sigue trabajando en coordinaci\u00f3n y unidad para atender a todas\u00a0las\u00a0familias.<\/p>\n<p><img loading=\"lazy\" decoding=\"async\" class=\"alignnone wp-image-1250095 size-large\" src=\"https:\/\/www.acapulcopress.com\/wp-content\/uploads\/2023\/01\/difgro3-1-840x560.jpg\" alt=\"\" width=\"696\" height=\"464\" \/><\/p>\n<p><em>) S\u00edguenos en Facebook | @<a href=\"https:\/\/www.facebook.com\/acapulcopress.news\" target=\"_blank\" rel=\"noopener\">AcapulcoPress<\/a><\/em><\/p>\n","protected":false},"excerpt":{"rendered":"<p>MOCHITL\u00c1N * 19 de enero de 2022. ) Gobierno de Guerrero Durante la reuni\u00f3n regional con presidentas y presidentes de los sistemas municipales DIF de la zona Centro del estado, la presidenta honoraria del DIF Guerrero, Liz Adriana Salgado Pineda, ofreci\u00f3 gestionar ante instituciones p\u00fablicas y la iniciativa privada un incremento de los programas de&#8230;<\/p>\n","protected":false},"author":2,"featured_media":1250097,"comment_status":"closed","ping_status":"closed","sticky":false,"template":"","format":"standard","meta":{"footnotes":""},"categories":[1983,18561],"tags":[7313,12009],"class_list":["post-1250092","post","type-post","status-publish","format-standard","has-post-thumbnail","hentry","category-guerrerogob","category-society-politics","tag-dif-guerrero","tag-liz-adriana-salgado-pineda"],"_links":{"self":[{"href":"https:\/\/www.acapulcopress.com\/index.php\/wp-json\/wp\/v2\/posts\/1250092","targetHints":{"allow":["GET"]}}],"collection":[{"href":"https:\/\/www.acapulcopress.com\/index.php\/wp-json\/wp\/v2\/posts"}],"about":[{"href":"https:\/\/www.acapulcopress.com\/index.php\/wp-json\/wp\/v2\/types\/post"}],"author":[{"embeddable":true,"href":"https:\/\/www.acapulcopress.com\/index.php\/wp-json\/wp\/v2\/users\/2"}],"replies":[{"embeddable":true,"href":"https:\/\/www.acapulcopress.com\/index.php\/wp-json\/wp\/v2\/comments?post=1250092"}],"version-history":[{"count":0,"href":"https:\/\/www.acapulcopress.com\/index.php\/wp-json\/wp\/v2\/posts\/1250092\/revisions"}],"wp:featuredmedia":[{"embeddable":true,"href":"https:\/\/www.acapulcopress.com\/index.php\/wp-json\/"}],"wp:attachment":[{"href":"https:\/\/www.acapulcopress.com\/index.php\/wp-json\/wp\/v2\/media?parent=1250092"}],"wp:term":[{"taxonomy":"category","embeddable":true,"href":"https:\/\/www.acapulcopress.com\/index.php\/wp-json\/wp\/v2\/categories?post=1250092"},{"taxonomy":"post_tag","embeddable":true,"href":"https:\/\/www.acapulcopress.com\/index.php\/wp-json\/wp\/v2\/tags?post=1250092"}],"curies":[{"name":"wp","href":"https:\/\/api.w.org\/{rel}","templated":true}]}}