{"id":1250106,"date":"2023-01-19T21:17:24","date_gmt":"2023-01-20T03:17:24","guid":{"rendered":"https:\/\/www.acapulcopress.com\/?p=1250106"},"modified":"2023-01-19T21:17:24","modified_gmt":"2023-01-20T03:17:24","slug":"demandan-que-fgr-atraiga-desaparicion-de-activistas-ricardo-lagunes-y-antonio-diaz","status":"publish","type":"post","link":"https:\/\/www.acapulcopress.com\/index.php\/2023\/01\/19\/demandan-que-fgr-atraiga-desaparicion-de-activistas-ricardo-lagunes-y-antonio-diaz\/","title":{"rendered":"Demandan que FGR atraiga desaparici\u00f3n de activistas Ricardo Lagunes y Antonio D\u00edaz"},"content":{"rendered":"<p style=\"text-align: justify;\">CIUDAD DE M\u00c9XICO * 19 de enero de 2022.<br \/>\n<em>) <a href=\"https:\/\/www.proceso.com.mx\/nacional\/2023\/1\/19\/exigen-que-la-fgr-atraiga-desaparicion-de-los-activistas-ricardo-lagunes-antonio-diaz-300636.html\" target=\"_blank\" rel=\"noopener\">Apro<\/a><\/em><br \/>\nOrganizaciones sociales y familiares del defensor de derechos humanos Ricardo Lagunes Gasca y del l\u00edder comunitario de Aquila, Michoac\u00e1n, Antonio D\u00edaz Valencia, exigieron la intervenci\u00f3n efectiva de las autoridades en la b\u00fasqueda y localizaci\u00f3n de los activistas, as\u00ed como la atracci\u00f3n de la Fiscal\u00eda General de la Rep\u00fablica (FGR) en la investigaci\u00f3n de la desaparici\u00f3n ocurrida el 15 de enero pasado, entre Michoac\u00e1n y Colima.<\/p>\n<p style=\"text-align: justify;\">En conferencia de prensa en instalaciones del Centro de Derechos Humanos Agust\u00edn Pro (Centro Prodh), Ana Luc\u00eda Lagunes, hermana de Ricardo, urgi\u00f3 a las autoridades estatales y federales actuar con prontitud para localizar a Lagunes y D\u00edaz, porque \u201ccada d\u00eda que pasa sin saber de ellos es una agon\u00eda\u201d.<\/p>\n<p style=\"text-align: justify;\">Abund\u00f3 que, como parte de las movilizaciones para exigir la presentaci\u00f3n de los activistas, se instal\u00f3 un plant\u00f3n en el Z\u00f3calo de la Ciudad de M\u00e9xico, desde el que \u201cpedimos un pronunciamiento del presidente (Andr\u00e9s Manuel L\u00f3pez Obrador). La red est\u00e1 activa, con esperanza, con fuerza, queriendo que sea pronta su localizaci\u00f3n, no queremos que esto se eternice como ha sido para muchas personas la b\u00fasqueda de sus desaparecidos, estamos en un pa\u00eds complejo con este dolor clavado\u201d.<\/p>\n<p style=\"text-align: justify;\">Explic\u00f3 que la petici\u00f3n de atracci\u00f3n de la FGR se debe a que las fiscal\u00edas de Michoac\u00e1n y Colima \u201cest\u00e1n actuando muy limitadamente, con todo y la presi\u00f3n estamos obteniendo poca informaci\u00f3n, no hemos tenido acceso a m\u00e1s informaci\u00f3n de la primera instancia, que fue el C5 de Colima, de la ruta de la camioneta\u201d, en la que viajaban los defensores y que fue abandonada.<\/p>\n<p style=\"text-align: justify;\">\u201cTodo ha sido demasiado lento por parte de las fiscal\u00edas, desde retomar cualquiera de las propias evidencias para darle seguimiento a la indagaci\u00f3n, hasta preguntarle a las personas de la zona, lo m\u00e1s b\u00e1sico, como la ruta que tom\u00f3 la camioneta.<\/p>\n<p style=\"text-align: justify;\">\u201cLas autoridades nos han transmitido mucha buena voluntad, la Comisi\u00f3n Nacional de B\u00fasqueda, el Mecanismo de Protecci\u00f3n (para Personas Defensoras y Periodistas), hay un intento de articularse con las fiscal\u00edas, pero no ha habido acciones concretas que sustenten esas palabras de buena voluntad\u201d, lament\u00f3 Lagunes.<\/p>\n<p style=\"text-align: justify;\">De acuerdo a las primeras informaciones, la camioneta Honda, color blanco, en la que viajaban Lagunes y D\u00edaz, fue reportada como abandonada en el Cerro de Ortega, municipio de Tecom\u00e1n, Colima, al C5 de esa entidad, alrededor de las 19:25 del 15 de enero, luego de que fue blanco de un ataque armado. En el veh\u00edculo se encontraron las pertenencias de los activistas.<\/p>\n<p style=\"text-align: justify;\">En compa\u00f1\u00eda de su t\u00eda, Mar\u00eda Dolores Lagunes Moreno, y del coordinador de la Fundaci\u00f3n Yansa, Sergio Oceransky, Ana Luc\u00eda hizo un llamado a la empresa minera Ternium a deslindarse de la desaparici\u00f3n de su hermano y del l\u00edder comunitario Antonio D\u00edaz, \u201cpor ser el actor con m\u00e1s poder en la regi\u00f3n y los impactos de su operaci\u00f3n no solamente afectan al medio ambiente, sino al tejido social, generando conflictos y violencia\u201d.<\/p>\n<p style=\"text-align: justify;\">Al reconoce que no tienen mayores evidencias de la responsabilidad de Ternium, minera extractora de hierro, Ana Luc\u00eda destac\u00f3 que la empresa \u201ctiene relaci\u00f3n con todos los actores locales, incluyendo los probables responsables de la desaparici\u00f3n\u201d.<\/p>\n<p style=\"text-align: justify;\">Y es que, como abogado, Ricardo Lagunes acompa\u00f1aba a la comunidad de Aquila, de donde es originario Antonio D\u00edaz, en un litigio contra la empresa Ternium, originaria de Luxemburgo, que opera en los estados de Colima, Jalisco y Michoac\u00e1n, donde extrae el mineral de hierro.<\/p>\n<p style=\"text-align: justify;\">Dicha empresa, que ha dividido a la comunidad, es propietaria del desarrollo minero Las Encinas, conformado por las minas Aquila, Palomas y El Encino, complejo del que se extraen a diario entre 12 mil y 15 mil toneladas de hierro.<\/p>\n<p style=\"text-align: justify;\">En la conferencia de prensa, se ley\u00f3 el mensaje de la esposa de Ricardo Lagunes, Mar\u00eda de Jes\u00fas Ram\u00edrez Magall\u00f3n, originaria de Aquila, quien urgi\u00f3 a las autoridades a que la b\u00fasqueda y localizaci\u00f3n de los defensores \u201csea el principio de acciones interinstitucionales para transitar al ejercicio pleno de los derechos econ\u00f3micos, sociales, culturales y ambientales en la regi\u00f3n, con ello se podr\u00edan abrir procesos de sanaci\u00f3n del tejido social\u201d.<\/p>\n<p style=\"text-align: justify;\">Ram\u00edrez Magall\u00f3n alert\u00f3 en su mensaje que \u201cel abandono, exclusi\u00f3n y desigualdad que mantiene a nuestras comunidades en la pobreza nos hace vulnerables a din\u00e1micas de violencia y a deterioro de nuestro territorio\u201d, mientras que en muchas ocasiones \u201cobstaculizan el trabajo que podr\u00eda impactar en la justicia social\u201d.<\/p>\n<p style=\"text-align: justify;\">La esposa del abogado hizo un llamado a los captores de su pareja pidiendo su libertad, y evitar \u201csacrificar m\u00e1s vidas inocentes\u201d.<\/p>\n<p style=\"text-align: justify;\">En demanda de la liberaci\u00f3n de la presentaci\u00f3n con vida de los defensores, se sum\u00f3 la hija de Antonio D\u00edaz, Brenda D\u00edaz Valencia, quien en una llamada telef\u00f3nica describi\u00f3 a su padre como un luchador social incansable, dedicado \u201cal magisterio y a la comunidad ind\u00edgena de San Miguel Aquila\u201d, de donde fue presidente municipal cuando ten\u00eda 21 a\u00f1os, dedicado a \u201cla protecci\u00f3n y defensa de los derechos comunales desde hace muchos a\u00f1os, \u00e9l s\u00f3lo ve\u00eda porque su gente est\u00e9 bien, tenga justicia\u201d.<\/p>\n<p style=\"text-align: justify;\">Sergio Ocerarnsky destac\u00f3 que por su condici\u00f3n de representante legal de comunidades ind\u00edgenas en distintos estados del pa\u00eds, litigando contra megaproyectos extractivos y contaminantes del medio ambiente, Ricardo Lagunes ha recibido medidas de seguridad del Mecanismo de Protecci\u00f3n federal y de medidas cautelares de la Comisi\u00f3n Interamericana de Derechos Humanos.<\/p>\n<p style=\"text-align: justify;\">Oceransky, de la Fundaci\u00f3n Yansa, resalt\u00f3 que como parte de las movilizaciones para exigir la presentaci\u00f3n con vida de los defensores, se instalaron bloqueos carreteros entre los l\u00edmites de Michoac\u00e1n y Colima, donde \u201cnumerosas comunidades que fueron acompa\u00f1adas por Ricardo en defensa del territorio han hecho llegar mensajes de solidaridad\u201d.<\/p>\n<p style=\"text-align: justify;\">Al destacar que, en menos de cuatro d\u00edas, la plataforma <em>change.org<\/em> ha recabado 11 mil 438 firmas para exigir la presentaci\u00f3n con vida de los defensores y de que numerosos organismos sociales se ha solidarizado con los familiares y amigos de Ricardo y Antonio, Oceransky advirti\u00f3 que este caso puede ser un parteaguas para revisar la actuaci\u00f3n de los tribunales agrarios.<\/p>\n<p style=\"text-align: justify;\">\u201cLamentable estado del sistema de justicia agraria, que tiene que ver con los ejidos y bienes comunales es disfuncional, no est\u00e1 procurando justicia, no est\u00e1 resolviendo los problemas, una de las ra\u00edces del problema el hecho de que los tribunales unitarios agrarios no funcionan, no hacen justicia sino lo contrario, por ello uno de los llamados es que esta situaci\u00f3n (de la desaparici\u00f3n de los activistas) sirva para reparar el sistema de justicia agraria que tantos problemas est\u00e1 causando\u201d, puntualiz\u00f3.<\/p>\n<p style=\"text-align: justify;\">V\u00eda remota, desde Chiapas, Juli\u00e1n V\u00e1zquez Guzm\u00e1n, de la organizaci\u00f3n Defensa Legal del Sureste, con quienes colabora Ricardo Lagunes, explic\u00f3 que la comunidad de Aquila, a la que defiende el abogado desaparecido, se ha confrontado legalmente con el Tribunal Agrario N\u00famero 38 de Colima, por \u201cla inconstitucionalidad y arbitrariedad con la que se han venido imponiendo grupos minoritarios de comuneros\u201d tolerados por esa autoridad, que como otras similares \u201cse ven sometidos a presiones de empresas extractivistas\u201d.<\/p>\n<p style=\"text-align: justify;\">A trav\u00e9s de video conferencia, se sumaron a la exigencia de presentaci\u00f3n con vida representantes de organizaciones comunitarias ind\u00edgenas, con la que Ricardo Lagunes ha colaborado en su defensa.<\/p>\n<p style=\"text-align: justify;\">Con mensajes de solidaridad, participaron Betina Cruz, de la Asamblea de Pueblos Ind\u00edgenas del Istmo en Defensa de la Tierra y el Territorio (APIIDTT); Trinidad Cisneros, de Defensores y Protectores del Futuro, de Ixil, Yucat\u00e1n, y Carlos Yam\u00e1, del Colectivo Cantuk\u00fan, de Kichil, Yucat\u00e1n.<\/p>\n<p><em>) S\u00edguenos en Facebook | @<a href=\"https:\/\/www.facebook.com\/acapulcopress.news\" target=\"_blank\" rel=\"noopener\">AcapulcoPress<\/a><\/em><\/p>\n","protected":false},"excerpt":{"rendered":"<p>CIUDAD DE M\u00c9XICO * 19 de enero de 2022. ) Apro Organizaciones sociales y familiares del defensor de derechos humanos Ricardo Lagunes Gasca y del l\u00edder comunitario de Aquila, Michoac\u00e1n, Antonio D\u00edaz Valencia, exigieron la intervenci\u00f3n efectiva de las autoridades en la b\u00fasqueda y localizaci\u00f3n de los activistas, as\u00ed como la atracci\u00f3n de la Fiscal\u00eda&#8230;<\/p>\n","protected":false},"author":2,"featured_media":1250107,"comment_status":"closed","ping_status":"closed","sticky":false,"template":"","format":"standard","meta":{"footnotes":""},"categories":[1969,1972,1989],"tags":[3853,4009,5495,15585],"class_list":["post-1250106","post","type-post","status-publish","format-standard","has-post-thumbnail","hentry","category-trending","category-special","category-noticias-generales","tag-ana-lucia-lagunes","tag-antonio-diaz-valencia","tag-centro-de-derechos-humanos-agustin-pro-centro-prodh","tag-ricardo-lagunes-gasca"],"_links":{"self":[{"href":"https:\/\/www.acapulcopress.com\/index.php\/wp-json\/wp\/v2\/posts\/1250106","targetHints":{"allow":["GET"]}}],"collection":[{"href":"https:\/\/www.acapulcopress.com\/index.php\/wp-json\/wp\/v2\/posts"}],"about":[{"href":"https:\/\/www.acapulcopress.com\/index.php\/wp-json\/wp\/v2\/types\/post"}],"author":[{"embeddable":true,"href":"https:\/\/www.acapulcopress.com\/index.php\/wp-json\/wp\/v2\/users\/2"}],"replies":[{"embeddable":true,"href":"https:\/\/www.acapulcopress.com\/index.php\/wp-json\/wp\/v2\/comments?post=1250106"}],"version-history":[{"count":0,"href":"https:\/\/www.acapulcopress.com\/index.php\/wp-json\/wp\/v2\/posts\/1250106\/revisions"}],"wp:featuredmedia":[{"embeddable":true,"href":"https:\/\/www.acapulcopress.com\/index.php\/wp-json\/"}],"wp:attachment":[{"href":"https:\/\/www.acapulcopress.com\/index.php\/wp-json\/wp\/v2\/media?parent=1250106"}],"wp:term":[{"taxonomy":"category","embeddable":true,"href":"https:\/\/www.acapulcopress.com\/index.php\/wp-json\/wp\/v2\/categories?post=1250106"},{"taxonomy":"post_tag","embeddable":true,"href":"https:\/\/www.acapulcopress.com\/index.php\/wp-json\/wp\/v2\/tags?post=1250106"}],"curies":[{"name":"wp","href":"https:\/\/api.w.org\/{rel}","templated":true}]}}