{"id":1250109,"date":"2023-01-19T21:48:03","date_gmt":"2023-01-20T03:48:03","guid":{"rendered":"https:\/\/www.acapulcopress.com\/?p=1250109"},"modified":"2023-01-19T21:48:03","modified_gmt":"2023-01-20T03:48:03","slug":"santiago-creel-se-apunta-como-presidenciable","status":"publish","type":"post","link":"https:\/\/www.acapulcopress.com\/index.php\/2023\/01\/19\/santiago-creel-se-apunta-como-presidenciable\/","title":{"rendered":"Santiago Creel se apunta como presidenciable 2024"},"content":{"rendered":"<p style=\"text-align: justify;\">CIUDAD DE M\u00c9XICO * 19 de enero de 2022.<br \/>\n<em>) <a href=\"https:\/\/www.proceso.com.mx\/nacional\/2023\/1\/19\/creel-pide-mano-para-registrarse-como-candidato-presidencial-300631.html\" target=\"_blank\" rel=\"noopener\">Apro<\/a><\/em><br \/>\nEl panista Santiago Creel Miranda anunci\u00f3 que buscar\u00e1 ser el primero en registrarse como aspirante presidencial para el 2024, en cuanto el Partido Acci\u00f3n Nacional (PAN) publique la convocatoria.<\/p>\n<p style=\"text-align: justify;\">El tambi\u00e9n presidente de la Mesa Directiva de la C\u00e1mara de Diputados refiri\u00f3 que, para las elecciones del 2023, el PRI llevar\u00e1 mano para proponer las candidaturas en el Estado de M\u00e9xico y en Coahuila y para el 2024 en la CDMX y en el proceso electoral presidencial, el PAN tendr\u00e1 \u201cla facultad de hacer el registro de los candidatos y establecer las reglas bajo las cuales se va a decidir el candidato o la candidata\u201d.<\/p>\n<p style=\"text-align: justify;\">En conferencia de prensa, en San L\u00e1zaro, el panista indic\u00f3 que la convocatoria ser\u00e1 abierta, para todos los aspirantes que deseen registrarse como precandidatos, es decir, que no estar\u00e1 restringido a panistas ni a miembros de partido pol\u00edtico alguno, excepto a Morena.<\/p>\n<p style=\"text-align: justify;\">\u201cYo anticipo que voy a tratar o intentar de ser el primero en registrarme, estoy listo, estoy decidido para cambiarle el rumbo a este pa\u00eds, un rumbo de desastre y volverlo a encauzar en un rumbo de prosperidad\u201d, se\u00f1al\u00f3.<\/p>\n<p style=\"text-align: justify;\">El pasado 12 de enero, cuando se anunci\u00f3 el reencuentro de la Alianza va por M\u00e9xico -integrada por PRI, PAN y PRD, se inform\u00f3 que el papel protag\u00f3nico le corresponder\u00eda al PAN, mismo que fungir\u00e1 como conductor de los trabajos para su presentaci\u00f3n estelar: la elecci\u00f3n presidencial y la jefatura del gobierno capitalino en 2024.<\/p>\n<p style=\"text-align: justify;\">Los partidos tambi\u00e9n se aliar\u00e1n en las elecciones para renovar el Congreso, es decir, para elegir a candidatos al Senado y a la C\u00e1mara de Diputados. En este caso se conformar\u00e1 un bloque entre los tres partidos.<\/p>\n<p style=\"text-align: justify;\">Las corcholatas de Morena necesitan al \u00abAmlito\u00bb<br \/>\nPor otra parte, Creel Miranda, quien ya contendi\u00f3 una vez por la candidatura presidencial por el PAN, que perdi\u00f3 ante Felipe Calder\u00f3n, se refiri\u00f3 a la pol\u00e9mica por el uso de las figuras de \u201cAmlito\u201d en la propaganda de Morena.<\/p>\n<p style=\"text-align: justify;\">Consultado sobre la resoluci\u00f3n del Tribunal Electoral del Poder Judicial de la Federaci\u00f3n (TEPJF) que proh\u00edbe a Morena usar la caricatura del presidente en su propaganda y la respuesta del l\u00edder morenista Mario Delgado quien tild\u00f3 de \u201crid\u00edcula\u201d la decisi\u00f3n y llam\u00f3 a simpatizantes a tomarse fotos con un Amlito y subirlas a redes Creel se\u00f1al\u00f3:<\/p>\n<p style=\"text-align: justify;\">\u201cMorena sigue haciendo alarde de incumplimiento de la ley. Esa es su divisa. Morena es un partido que sistem\u00e1ticamente incumple la ley, ataca a las instituciones e intenta debilitar al Estado de derecho. Eso es Morena, no otra cosa\u201d.<\/p>\n<p style=\"text-align: justify;\">Y a\u00f1adi\u00f3 que al mismo tiempo refleja \u201cla debilidad de las corcholatas\u201d pues por ellas mismas no pueden, y no van a poder salirse del guion del presidente.<\/p>\n<p style=\"text-align: justify;\">\u201cPreg\u00fantenle a Claudia, va a decir que s\u00ed con su monito. Igual que va a estar Marcelo, igual que va a estar Ad\u00e1n. Por s\u00ed solos no pueden, necesitan bules para nadar, como dicen en mi tierra. Est\u00e1n muy d\u00e9biles esas corcholatas, ya perdieron el gas, ya abrieron los refrescos desde hace mucho tiempo, se hubieran esperado, ya se acab\u00f3 el gas\u201d, dijo.<\/p>\n<p style=\"text-align: justify;\"><em>) S\u00edguenos en Facebook | @<a href=\"https:\/\/www.facebook.com\/acapulcopress.news\" target=\"_blank\" rel=\"noopener\">AcapulcoPress<\/a><\/em><\/p>\n","protected":false},"excerpt":{"rendered":"<p>CIUDAD DE M\u00c9XICO * 19 de enero de 2022. ) Apro El panista Santiago Creel Miranda anunci\u00f3 que buscar\u00e1 ser el primero en registrarse como aspirante presidencial para el 2024, en cuanto el Partido Acci\u00f3n Nacional (PAN) publique la convocatoria. El tambi\u00e9n presidente de la Mesa Directiva de la C\u00e1mara de Diputados refiri\u00f3 que, para&#8230;<\/p>\n","protected":false},"author":2,"featured_media":1250111,"comment_status":"closed","ping_status":"closed","sticky":false,"template":"","format":"standard","meta":{"footnotes":""},"categories":[1969,1989],"tags":[13015,14184,16036],"class_list":["post-1250109","post","type-post","status-publish","format-standard","has-post-thumbnail","hentry","category-trending","category-noticias-generales","tag-mexico-2024","tag-pan","tag-santiago-creel"],"_links":{"self":[{"href":"https:\/\/www.acapulcopress.com\/index.php\/wp-json\/wp\/v2\/posts\/1250109","targetHints":{"allow":["GET"]}}],"collection":[{"href":"https:\/\/www.acapulcopress.com\/index.php\/wp-json\/wp\/v2\/posts"}],"about":[{"href":"https:\/\/www.acapulcopress.com\/index.php\/wp-json\/wp\/v2\/types\/post"}],"author":[{"embeddable":true,"href":"https:\/\/www.acapulcopress.com\/index.php\/wp-json\/wp\/v2\/users\/2"}],"replies":[{"embeddable":true,"href":"https:\/\/www.acapulcopress.com\/index.php\/wp-json\/wp\/v2\/comments?post=1250109"}],"version-history":[{"count":0,"href":"https:\/\/www.acapulcopress.com\/index.php\/wp-json\/wp\/v2\/posts\/1250109\/revisions"}],"wp:featuredmedia":[{"embeddable":true,"href":"https:\/\/www.acapulcopress.com\/index.php\/wp-json\/"}],"wp:attachment":[{"href":"https:\/\/www.acapulcopress.com\/index.php\/wp-json\/wp\/v2\/media?parent=1250109"}],"wp:term":[{"taxonomy":"category","embeddable":true,"href":"https:\/\/www.acapulcopress.com\/index.php\/wp-json\/wp\/v2\/categories?post=1250109"},{"taxonomy":"post_tag","embeddable":true,"href":"https:\/\/www.acapulcopress.com\/index.php\/wp-json\/wp\/v2\/tags?post=1250109"}],"curies":[{"name":"wp","href":"https:\/\/api.w.org\/{rel}","templated":true}]}}