{"id":1250114,"date":"2023-01-19T22:14:38","date_gmt":"2023-01-20T04:14:38","guid":{"rendered":"https:\/\/www.acapulcopress.com\/?p=1250114"},"modified":"2023-01-19T22:14:38","modified_gmt":"2023-01-20T04:14:38","slug":"en-abril-netflix-cobrara-tarifa-adicional-por-compartir-contrasenas","status":"publish","type":"post","link":"https:\/\/www.acapulcopress.com\/index.php\/2023\/01\/19\/en-abril-netflix-cobrara-tarifa-adicional-por-compartir-contrasenas\/","title":{"rendered":"En abril, Netflix cobrar\u00e1 tarifa adicional por compartir contrase\u00f1as"},"content":{"rendered":"<p style=\"text-align: justify;\">MADRID * 19 de enero de 2022.<br \/>\n<em>) Efe<br \/>\n<\/em>Finalmente lo ha decidido. Netflix adelant\u00f3 que durante el primer trimestre de este a\u00f1o, sin mencionar la fecha precisa y los cargos adicionales, empezar\u00e1 a cobrar una cuota extra a los titulares de las cuentas que compartan su contrase\u00f1a con personas que no residen en el mismo domicilio.<\/p>\n<p style=\"text-align: justify;\">Si bien esta fue una pr\u00e1ctica que le dio penetraci\u00f3n de mercado y vistas, Netflix ha visto mermados sus ingresos por ello. Admite que el cobro extra por compartir cuenta no ser\u00e1 una medida universalmente popular y anticip\u00f3 que esto podr\u00eda provocar cancelaciones, como ocurri\u00f3 en el mercado de Am\u00e9rica Latina donde implement\u00f3 de avanzada esta acci\u00f3n en Costa Rica, Per\u00fa y Chile.<\/p>\n<p style=\"text-align: justify;\">\u201cAnticipamos que esto resultar\u00e1 en un patr\u00f3n de adiciones netas pagadas trimestrales muy diferente en 2023, con adiciones netas pagadas probablemente mayores en el segundo trimestre de 2023 que en el primer trimestre de 2023\u201d, mencionaron los directivos en el reporte financiero del cuarto trimestre del a\u00f1o pasado.<\/p>\n<p style=\"text-align: justify;\">Pero, precisaron, \u201cseg\u00fan nuestra experiencia en Am\u00e9rica Latina, esperamos cierta reacci\u00f3n de cancelaci\u00f3n en cada mercado cuando implementemos el pago compartido, lo que impacta el crecimiento de miembros a corto plazo\u201d.<\/p>\n<p style=\"text-align: justify;\">\u201cA medida que los hogares titulares comiencen a activar sus propias cuentas independientes y se agreguen cuentas de miembros adicionales, esperamos ver una mejora en los ingresos generales, que es nuestro objetivo con todos los cambios de planes y precios\u201d, a\u00f1adieron.<\/p>\n<p style=\"text-align: justify;\">Se menciona en la carta dirigida a los accionistas de Netflix que las cuentas compartidas alcanzan los 100 millones de hogares, algo que \u201csocava nuestra capacidad a largo plazo para invertir y mejorar, as\u00ed como para construir nuestro negocio\u201d.<\/p>\n<p style=\"text-align: justify;\">\u201cA medida que implementemos el uso compartido de pago, los miembros de muchos pa\u00edses tambi\u00e9n tendr\u00e1n la opci\u00f3n de pagar m\u00e1s si quieren compartir Netflix con personas con las que no viven. Como es el caso hoy, todos los miembros podr\u00e1n mirar mientras viajan, ya sea en un televisor o dispositivo m\u00f3vil\u201d, explica la compa\u00f1\u00eda.<\/p>\n<p style=\"text-align: justify;\"><strong>Cambio de tim\u00f3n<\/strong><\/p>\n<p style=\"text-align: justify;\">El cofundador de Netflix Reed Hastings dej\u00f3 este jueves su cargo como director ejecutivo poco antes de que la empresa anunciara los resultados del \u00faltimo trimestre de 2022, que ha cerrado con unas ganancias de 4,491 millones de d\u00f3lares.<\/p>\n<p style=\"text-align: justify;\">Hastings renunci\u00f3 como director ejecutivo del gigante del \u201cstreaming\u201d pero seguir\u00e1 ejerciendo como presidente ejecutivo de la empresa.<\/p>\n<p style=\"text-align: justify;\">El actual codirector ejecutivo y jefe de contenidos, Ted Sarandos, se mantendr\u00e1 en el puesto y a \u00e9l se unir\u00e1 Greg Peters, hasta ahora director de operaciones, tambi\u00e9n como codirector ejecutivo.<\/p>\n<p style=\"text-align: justify;\">Se desconocen los motivos de la marcha de Hastings, aunque la compa\u00f1\u00eda dijo en su carta haber \u201ccompletado\u201d su proceso de \u201csucesi\u00f3n\u201d.<\/p>\n<p style=\"text-align: justify;\">Hastings cofund\u00f3 Netflix en 1997. En 2020, Sarandos fue nombrado codirector ejecutivo junto a \u00e9l, al tiempo que Peters era designado director de operaciones.<\/p>\n<p style=\"text-align: justify;\">Con m\u00e1s de 230,7 millones de suscriptores, Netflix es el principal servicio de \u201cstreaming\u201d en el mundo, seguido de Disney con 220 millones entre todas sus plataformas: Disney+, Hulu, Star y ESPN+.<\/p>\n<p style=\"text-align: justify;\"><em>) S\u00edguenos en Facebook | @<a href=\"https:\/\/www.facebook.com\/acapulcopress.news\" target=\"_blank\" rel=\"noopener\">AcapulcoPress<\/a><\/em><\/p>\n","protected":false},"excerpt":{"rendered":"<p>MADRID * 19 de enero de 2022. ) Efe Finalmente lo ha decidido. Netflix adelant\u00f3 que durante el primer trimestre de este a\u00f1o, sin mencionar la fecha precisa y los cargos adicionales, empezar\u00e1 a cobrar una cuota extra a los titulares de las cuentas que compartan su contrase\u00f1a con personas que no residen en el&#8230;<\/p>\n","protected":false},"author":2,"featured_media":1250115,"comment_status":"closed","ping_status":"closed","sticky":false,"template":"","format":"standard","meta":{"footnotes":""},"categories":[18563,1988],"tags":[13629,16892],"class_list":["post-1250114","post","type-post","status-publish","format-standard","has-post-thumbnail","hentry","category-entretenimiento","category-lifestyles","tag-netflix","tag-stream"],"_links":{"self":[{"href":"https:\/\/www.acapulcopress.com\/index.php\/wp-json\/wp\/v2\/posts\/1250114","targetHints":{"allow":["GET"]}}],"collection":[{"href":"https:\/\/www.acapulcopress.com\/index.php\/wp-json\/wp\/v2\/posts"}],"about":[{"href":"https:\/\/www.acapulcopress.com\/index.php\/wp-json\/wp\/v2\/types\/post"}],"author":[{"embeddable":true,"href":"https:\/\/www.acapulcopress.com\/index.php\/wp-json\/wp\/v2\/users\/2"}],"replies":[{"embeddable":true,"href":"https:\/\/www.acapulcopress.com\/index.php\/wp-json\/wp\/v2\/comments?post=1250114"}],"version-history":[{"count":0,"href":"https:\/\/www.acapulcopress.com\/index.php\/wp-json\/wp\/v2\/posts\/1250114\/revisions"}],"wp:featuredmedia":[{"embeddable":true,"href":"https:\/\/www.acapulcopress.com\/index.php\/wp-json\/"}],"wp:attachment":[{"href":"https:\/\/www.acapulcopress.com\/index.php\/wp-json\/wp\/v2\/media?parent=1250114"}],"wp:term":[{"taxonomy":"category","embeddable":true,"href":"https:\/\/www.acapulcopress.com\/index.php\/wp-json\/wp\/v2\/categories?post=1250114"},{"taxonomy":"post_tag","embeddable":true,"href":"https:\/\/www.acapulcopress.com\/index.php\/wp-json\/wp\/v2\/tags?post=1250114"}],"curies":[{"name":"wp","href":"https:\/\/api.w.org\/{rel}","templated":true}]}}