{"id":1250117,"date":"2023-01-19T22:40:06","date_gmt":"2023-01-20T04:40:06","guid":{"rendered":"https:\/\/www.acapulcopress.com\/?p=1250117"},"modified":"2023-01-19T22:40:06","modified_gmt":"2023-01-20T04:40:06","slug":"se-van-a-huelga-de-hambre-despedidos-del-icategro","status":"publish","type":"post","link":"https:\/\/www.acapulcopress.com\/index.php\/2023\/01\/19\/se-van-a-huelga-de-hambre-despedidos-del-icategro\/","title":{"rendered":"Se van a huelga de hambre despedidos del Icategro"},"content":{"rendered":"<p style=\"text-align: justify;\">CHILPANCINGO * 19 de enero de 2022.<br \/>\n<em>) <a href=\"https:\/\/a-nasa.com.mx\/2023\/01\/19\/se-van-a-huelga-de-hambre-trabajadores-despedidos-por-el-director-del-icategro-omar-estrada-bustos\/\" target=\"_blank\" rel=\"noopener\">ANASA<\/a><\/em><br \/>\nSiete trabajadores que fueron despedidos de manera injustificada por el director del Instituto de Capacitaci\u00f3n para el Trabajo del Estado de Guerrero (Icategro), Omar Estrada Bustos, se declararon en huelga de hambre, hasta que sean reinstalados.<\/p>\n<p style=\"text-align: justify;\">Mencionaron que sus lugares ya lo ocupan gente cercana de Omar Estrada, \u00abse dan el lujo de no asistir al trabajo, de aviadores se la pasan\u00bb, puntualizaron los trabajadores.<\/p>\n<p style=\"text-align: justify;\">Sostuvieron que varios integrantes del sindicato de trabajadores de esa dependencia se encuentran bajo amenaza, con sufrir lo mismo que sus siete compa\u00f1eros.<\/p>\n<p style=\"text-align: justify;\">Respecto a la conferencia que dio Estrada Bustos, en el cual se\u00f1ala que fue por \u00f3rdenes de Contralor\u00eda Interna del gobierno de Guerrero, quien orden\u00f3 estos despidos, ellos negaron categ\u00f3ricamente tal declaraci\u00f3n, dijeron por ser solo integrantes de un sindicato, sufrieron tal despido.<\/p>\n<p style=\"text-align: justify;\">Finalmente, solicitaron a la gobernadora Evelyn Salgado Pineda su intervenci\u00f3n, y que haya un cambio en la direcci\u00f3n general, \u00abya lleva varias denuncias de atropellos laborales Omar Estrada, que renuncie al cargo\u00bb, concluyeron.<\/p>\n<p style=\"text-align: justify;\"><em>) S\u00edguenos en Facebook | @<a href=\"https:\/\/www.facebook.com\/acapulcopress.news\" target=\"_blank\" rel=\"noopener\">AcapulcoPress<\/a><\/em><\/p>\n","protected":false},"excerpt":{"rendered":"<p>CHILPANCINGO * 19 de enero de 2022. ) ANASA Siete trabajadores que fueron despedidos de manera injustificada por el director del Instituto de Capacitaci\u00f3n para el Trabajo del Estado de Guerrero (Icategro), Omar Estrada Bustos, se declararon en huelga de hambre, hasta que sean reinstalados. Mencionaron que sus lugares ya lo ocupan gente cercana de&#8230;<\/p>\n","protected":false},"author":2,"featured_media":1250118,"comment_status":"closed","ping_status":"closed","sticky":false,"template":"","format":"standard","meta":{"footnotes":""},"categories":[1997],"tags":[10202,13935],"class_list":["post-1250117","post","type-post","status-publish","format-standard","has-post-thumbnail","hentry","category-noticias-destacadas","tag-instituto-de-capacitacion-para-el-trabajo-del-estado-de-guerrero-icategro","tag-omar-estrada-bustos"],"_links":{"self":[{"href":"https:\/\/www.acapulcopress.com\/index.php\/wp-json\/wp\/v2\/posts\/1250117","targetHints":{"allow":["GET"]}}],"collection":[{"href":"https:\/\/www.acapulcopress.com\/index.php\/wp-json\/wp\/v2\/posts"}],"about":[{"href":"https:\/\/www.acapulcopress.com\/index.php\/wp-json\/wp\/v2\/types\/post"}],"author":[{"embeddable":true,"href":"https:\/\/www.acapulcopress.com\/index.php\/wp-json\/wp\/v2\/users\/2"}],"replies":[{"embeddable":true,"href":"https:\/\/www.acapulcopress.com\/index.php\/wp-json\/wp\/v2\/comments?post=1250117"}],"version-history":[{"count":0,"href":"https:\/\/www.acapulcopress.com\/index.php\/wp-json\/wp\/v2\/posts\/1250117\/revisions"}],"wp:featuredmedia":[{"embeddable":true,"href":"https:\/\/www.acapulcopress.com\/index.php\/wp-json\/"}],"wp:attachment":[{"href":"https:\/\/www.acapulcopress.com\/index.php\/wp-json\/wp\/v2\/media?parent=1250117"}],"wp:term":[{"taxonomy":"category","embeddable":true,"href":"https:\/\/www.acapulcopress.com\/index.php\/wp-json\/wp\/v2\/categories?post=1250117"},{"taxonomy":"post_tag","embeddable":true,"href":"https:\/\/www.acapulcopress.com\/index.php\/wp-json\/wp\/v2\/tags?post=1250117"}],"curies":[{"name":"wp","href":"https:\/\/api.w.org\/{rel}","templated":true}]}}