{"id":1250123,"date":"2023-01-20T10:17:02","date_gmt":"2023-01-20T16:17:02","guid":{"rendered":"https:\/\/www.acapulcopress.com\/?p=1250123"},"modified":"2023-01-20T10:17:02","modified_gmt":"2023-01-20T16:17:02","slug":"anuncia-seg-campana-de-vacunacion-covid-19-a-partir-del-lunes-23-de-enero","status":"publish","type":"post","link":"https:\/\/www.acapulcopress.com\/index.php\/2023\/01\/20\/anuncia-seg-campana-de-vacunacion-covid-19-a-partir-del-lunes-23-de-enero\/","title":{"rendered":"Anuncia SEG campa\u00f1a de vacunaci\u00f3n Covid-19 a partir del lunes 23 de enero"},"content":{"rendered":"<p style=\"text-align: justify;\">CHILPANCINGO * 20 de enero de 2022.<br \/>\n<em>) SEG<\/em><br \/>\nPor gestiones de la gobernadora Evelyn Salgado Pineda y con el respaldo del presidente de la rep\u00fablica, Andr\u00e9s Manuel L\u00f3pez Obrador, el secretario de Educaci\u00f3n en Guerrero, Marcial Rodr\u00edguez Salda\u00f1a, inform\u00f3 que del lunes 23 de enero al martes 28 de febrero se implementar\u00e1 una campa\u00f1a de vacunaci\u00f3n contra el Covid-19 para ni\u00f1as y ni\u00f1os entre cinco y once a\u00f1os del sector educativo en todas las regiones de Guerrero.<\/p>\n<p style=\"text-align: justify;\">Rodr\u00edguez Salda\u00f1a expres\u00f3 que se trata de proteger a las ni\u00f1as y ni\u00f1os en contra del virus Covid-19; los alumnos ser\u00e1n vacunados con la autorizaci\u00f3n por escrito de sus padres o tutores, quienes deber\u00e1n estar presentes al momento de aplicar la vacuna.<\/p>\n<p style=\"text-align: justify;\">La SEG dar\u00e1 todas las facilidades para el ingreso a las escuelas primarias al personal de vacunacion, cuya campa\u00f1a estar\u00e1 coordinada por la delegaci\u00f3n federal de vacunacion en Guerrero, en coordinaci\u00f3n con instituciones federales y estatales de salud.<\/p>\n<p style=\"text-align: justify;\">Tambi\u00e9n habr\u00e1 m\u00f3dulos itinerantes para vacunar a ni\u00f1as y ni\u00f1os que por alguna raz\u00f3n no est\u00e9n inscritos en las escuelas.<\/p>\n<p style=\"text-align: justify;\">Todos los que se vayan a vacunar deber\u00e1n presentar su CURP y su constancia si ya recibieron alguna vacuna.<\/p>\n<p style=\"text-align: justify;\"><em>) S\u00edguenos en Facebook | @<a href=\"https:\/\/www.facebook.com\/acapulcopress.news\" target=\"_blank\" rel=\"noopener\">AcapulcoPress<\/a><\/em><\/p>\n","protected":false},"excerpt":{"rendered":"<p>CHILPANCINGO * 20 de enero de 2022. ) SEG Por gestiones de la gobernadora Evelyn Salgado Pineda y con el respaldo del presidente de la rep\u00fablica, Andr\u00e9s Manuel L\u00f3pez Obrador, el secretario de Educaci\u00f3n en Guerrero, Marcial Rodr\u00edguez Salda\u00f1a, inform\u00f3 que del lunes 23 de enero al martes 28 de febrero se implementar\u00e1 una campa\u00f1a&#8230;<\/p>\n","protected":false},"author":2,"featured_media":1250124,"comment_status":"closed","ping_status":"closed","sticky":false,"template":"","format":"standard","meta":{"footnotes":""},"categories":[2019],"tags":[],"class_list":["post-1250123","post","type-post","status-publish","format-standard","has-post-thumbnail","hentry","category-popular-news"],"_links":{"self":[{"href":"https:\/\/www.acapulcopress.com\/index.php\/wp-json\/wp\/v2\/posts\/1250123","targetHints":{"allow":["GET"]}}],"collection":[{"href":"https:\/\/www.acapulcopress.com\/index.php\/wp-json\/wp\/v2\/posts"}],"about":[{"href":"https:\/\/www.acapulcopress.com\/index.php\/wp-json\/wp\/v2\/types\/post"}],"author":[{"embeddable":true,"href":"https:\/\/www.acapulcopress.com\/index.php\/wp-json\/wp\/v2\/users\/2"}],"replies":[{"embeddable":true,"href":"https:\/\/www.acapulcopress.com\/index.php\/wp-json\/wp\/v2\/comments?post=1250123"}],"version-history":[{"count":0,"href":"https:\/\/www.acapulcopress.com\/index.php\/wp-json\/wp\/v2\/posts\/1250123\/revisions"}],"wp:featuredmedia":[{"embeddable":true,"href":"https:\/\/www.acapulcopress.com\/index.php\/wp-json\/"}],"wp:attachment":[{"href":"https:\/\/www.acapulcopress.com\/index.php\/wp-json\/wp\/v2\/media?parent=1250123"}],"wp:term":[{"taxonomy":"category","embeddable":true,"href":"https:\/\/www.acapulcopress.com\/index.php\/wp-json\/wp\/v2\/categories?post=1250123"},{"taxonomy":"post_tag","embeddable":true,"href":"https:\/\/www.acapulcopress.com\/index.php\/wp-json\/wp\/v2\/tags?post=1250123"}],"curies":[{"name":"wp","href":"https:\/\/api.w.org\/{rel}","templated":true}]}}