{"id":1250141,"date":"2023-01-20T19:56:55","date_gmt":"2023-01-21T01:56:55","guid":{"rendered":"https:\/\/www.acapulcopress.com\/?p=1250141"},"modified":"2023-01-20T19:56:55","modified_gmt":"2023-01-21T01:56:55","slug":"capturan-lugarteniente-del-mayo-zambada-y-compadre-de-senador-de-morena","status":"publish","type":"post","link":"https:\/\/www.acapulcopress.com\/index.php\/2023\/01\/20\/capturan-lugarteniente-del-mayo-zambada-y-compadre-de-senador-de-morena\/","title":{"rendered":"Capturan lugarteniente del \u00b4Mayo\u00b4 Zambada y compadre de Senador de Morena"},"content":{"rendered":"<p style=\"text-align: justify;\">DURANGO, Dgo. * 20 de enero de 2022.<br \/>\n<em>) <a href=\"https:\/\/www.xevt.com\/nacional\/en-durango-cae-el-g1-lugarteniente-de-el-mayo-zambada--\/249795\" target=\"_blank\" rel=\"noopener\">XEVT<\/a> \/ <a href=\"https:\/\/www.eluniversal.com.mx\/nacion\/cae-en-durango-el-g1-lugarteniente-de-el-mayo-zambada-y-compadre-de-senador-de-morena?utm_source=web&amp;utm_medium=social_buttons&amp;utm_campaign=social_sharing&amp;utm_content=whatsapp\" target=\"_blank\" rel=\"noopener\">El Universal<\/a><br \/>\n<\/em>Este viernes por la ma\u00f1ana, elementos del Ej\u00e9rcito y la Guardia Nacional detuvieron en Durango a Gerardo Soberanes Ortiz, alias \u00abEl G1\u00bb o \u00abEl Licenciado\u00bb, presunto integrante de Los Cabrera, c\u00e9lula criminal ligada al C\u00e1rtel de Sinaloa liderada por Ismael \u00abEl Mayo\u00bb Zambada.<\/p>\n<p style=\"text-align: justify;\">Soberanes Ortiz es se\u00f1alado como operador financiero de este grupo delictivo y fue detenido en un inmueble residencial ubicado al norte de la capital duranguense, seg\u00fan difundieron medios nacionales, a quienes fuentes federales les revelaron la informaci\u00f3n.<\/p>\n<p style=\"text-align: justify;\">En la ma\u00f1anera, el secretario de la Defensa Nacional, Luis Cresencio Sandoval, inform\u00f3 que en el operativo se detuvo a un operador delictivo de los Cabrera, af\u00edn del Cartel de Pac\u00edfico, aunque no dijo el nombre.<\/p>\n<p style=\"text-align: justify;\">\u00abSe inici\u00f3 una operaci\u00f3n para detener a un operador financiero del grupo de los Cabrera Sarabia af\u00edn al c\u00e1rtel del Pac\u00edfico. Est\u00e1n fuerzas de tierra, apoyo a\u00e9reo; contin\u00faa la actividad se est\u00e1 desarrollando con la Fiscal\u00eda General de la Rep\u00fablica y otras instancias, todav\u00eda seguimos en el proceso de esta operaci\u00f3n.<\/p>\n<p style=\"text-align: justify;\">\u00abHubo una agresi\u00f3n por parte de ellos, tenemos el dato de un herido, no es grave, es de parte de la gente que inici\u00f3 la agresi\u00f3n hacia las fuerzas armadas, pero no es de gravedad, en un brazo, de las fuerzas armadas nada\u00bb, detall\u00f3.<\/p>\n<p style=\"text-align: justify;\">Seg\u00fan reportes oficiales, Gerardo Soberanes Ortiz operaba actividades delictivas en el municipio de Durango y en la Comarca Lagunera. Tambi\u00e9n se le se\u00f1ala de ser compadre del senador morenista Jos\u00e9 Ram\u00f3n Enr\u00edquez Herrera.<\/p>\n<p style=\"text-align: justify;\"><em>) S\u00edguenos en Facebook | @<a href=\"https:\/\/www.facebook.com\/acapulcopress.news\" target=\"_blank\" rel=\"noopener\">AcapulcoPress<\/a><\/em><\/p>\n","protected":false},"excerpt":{"rendered":"<p>DURANGO, Dgo. * 20 de enero de 2022. ) XEVT \/ El Universal Este viernes por la ma\u00f1ana, elementos del Ej\u00e9rcito y la Guardia Nacional detuvieron en Durango a Gerardo Soberanes Ortiz, alias \u00abEl G1\u00bb o \u00abEl Licenciado\u00bb, presunto integrante de Los Cabrera, c\u00e9lula criminal ligada al C\u00e1rtel de Sinaloa liderada por Ismael \u00abEl Mayo\u00bb&#8230;<\/p>\n","protected":false},"author":2,"featured_media":1250142,"comment_status":"closed","ping_status":"closed","sticky":false,"template":"","format":"standard","meta":{"footnotes":""},"categories":[1969,1972,2005],"tags":[2192,2194,5302,8691,9173,11111],"class_list":["post-1250141","post","type-post","status-publish","format-standard","has-post-thumbnail","hentry","category-trending","category-special","category-seguridad-y-justicia","tag-el-g1","tag-el-licenciado","tag-cartel-de-pacifico","tag-fiscalia-general-de-la-republica-fgr","tag-gerardo-soberanes-ortiz","tag-jose-ramon-enriquez-herrera"],"_links":{"self":[{"href":"https:\/\/www.acapulcopress.com\/index.php\/wp-json\/wp\/v2\/posts\/1250141","targetHints":{"allow":["GET"]}}],"collection":[{"href":"https:\/\/www.acapulcopress.com\/index.php\/wp-json\/wp\/v2\/posts"}],"about":[{"href":"https:\/\/www.acapulcopress.com\/index.php\/wp-json\/wp\/v2\/types\/post"}],"author":[{"embeddable":true,"href":"https:\/\/www.acapulcopress.com\/index.php\/wp-json\/wp\/v2\/users\/2"}],"replies":[{"embeddable":true,"href":"https:\/\/www.acapulcopress.com\/index.php\/wp-json\/wp\/v2\/comments?post=1250141"}],"version-history":[{"count":0,"href":"https:\/\/www.acapulcopress.com\/index.php\/wp-json\/wp\/v2\/posts\/1250141\/revisions"}],"wp:featuredmedia":[{"embeddable":true,"href":"https:\/\/www.acapulcopress.com\/index.php\/wp-json\/"}],"wp:attachment":[{"href":"https:\/\/www.acapulcopress.com\/index.php\/wp-json\/wp\/v2\/media?parent=1250141"}],"wp:term":[{"taxonomy":"category","embeddable":true,"href":"https:\/\/www.acapulcopress.com\/index.php\/wp-json\/wp\/v2\/categories?post=1250141"},{"taxonomy":"post_tag","embeddable":true,"href":"https:\/\/www.acapulcopress.com\/index.php\/wp-json\/wp\/v2\/tags?post=1250141"}],"curies":[{"name":"wp","href":"https:\/\/api.w.org\/{rel}","templated":true}]}}