{"id":1250144,"date":"2023-01-20T20:08:52","date_gmt":"2023-01-21T02:08:52","guid":{"rendered":"https:\/\/www.acapulcopress.com\/?p=1250144"},"modified":"2023-01-20T20:08:52","modified_gmt":"2023-01-21T02:08:52","slug":"realizo-gobierno-estatal-caravana-integral-de-atencion-en-el-durazno","status":"publish","type":"post","link":"https:\/\/www.acapulcopress.com\/index.php\/2023\/01\/20\/realizo-gobierno-estatal-caravana-integral-de-atencion-en-el-durazno\/","title":{"rendered":"Realiz\u00f3 gobierno estatal caravana integral de atenci\u00f3n en El Durazno"},"content":{"rendered":"<p style=\"text-align: justify;\">CHILPANCINGO * 20 de enero de 2022.<br \/>\n<em>) Coordinaci\u00f3n para la Construcci\u00f3n de la Paz<\/em><br \/>\nEl gobierno de Guerrero realiz\u00f3 una caravana de atenci\u00f3n integral a los habitantes de la comunidad de El Durazno, en el municipio de Coyuca de Catal\u00e1n, quienes recibieron <img loading=\"lazy\" decoding=\"async\" class=\"alignleft size-medium wp-image-1250149\" src=\"https:\/\/www.acapulcopress.com\/wp-content\/uploads\/2023\/01\/esp.seguridad2-375x250.jpg\" alt=\"\" width=\"375\" height=\"250\" \/>atenci\u00f3n psicol\u00f3gica, m\u00e9dica y jur\u00eddica, as\u00ed como paquetes alimentarios y entrega de colchones; lo anterior se inform\u00f3 durante la sesi\u00f3n diaria de la Mesa de Coordinaci\u00f3n para la Construcci\u00f3n de la Paz, encabezada por la gobernadora Evelyn Salgado Pineda.<\/p>\n<p style=\"text-align: justify;\">La gobernadora mencion\u00f3 que la caravana estuvo integrada por el Director General de Derechos Humanos, Miguel Flores Morales, la Comisionada Estatal de Atenci\u00f3n a V\u00edctimas Enedina Medrano Serrano y el m\u00e9dico Juan Pablo S\u00e1nchez de la Secretar\u00eda de Salud quienes llevaron los apoyos para la poblaci\u00f3n del Durazno, consistente en 200 paquetes alimentarios, 200 colchonetas y 200 cobertores; as\u00ed como apoyo psicol\u00f3gico, atenci\u00f3n a v\u00edctimas, consulta m\u00e9dica y entrega de medicamentos.<\/p>\n<p style=\"text-align: justify;\">Agreg\u00f3 que, en el marco de esta visita, se realiz\u00f3 una asamblea encabezada por el Comisario Ejidal Ignacio Ch\u00e1vez y por la Comisaria Municipal Azucena Rosas, donde se expuso que el gobierno de la transformaci\u00f3n que preside Evelyn Salgado Pineda, tiene entre sus objetivos, continuar con la atenci\u00f3n integral a los habitantes de esta comunidad y dejarles claro que cuentan con el respaldo gubernamental ante los hechos violentos ocurridos a fines del a\u00f1o pasado.<\/p>\n<p style=\"text-align: justify;\">Los pobladores reconocieron la presencia de las autoridades y solicitaron su permanencia, as\u00ed como recorridos por las fuerzas armadas para que puedan desarrollar sus actividades y poder continuar con su vida cotidiana, as\u00ed mismo pidieron una reuni\u00f3n con autoridades del gobierno federal, estatal y municipal para tratar la situaci\u00f3n que atraviesan.<\/p>\n<p style=\"text-align: justify;\">En el lugar, tambi\u00e9n asisti\u00f3 el Vicefiscal de Investigaci\u00f3n de la FGE, con un equipo de peritos, polic\u00edas ministeriales, psic\u00f3logos, as\u00ed como de la base de operaciones mixta, para continuar con el trabajo de investigaci\u00f3n que a\u00fan no concluye.<\/p>\n<p style=\"text-align: justify;\">En la reuni\u00f3n de la mesa de seguridad se dio seguimiento a las acciones y operativos que se llevan a cabo en las ocho regiones del estado para seguir inhibiendo los delitos en la ruta de continuar pacificando\u00a0Guerrero.<\/p>\n<p><em>) S\u00edguenos en Facebook | @<a href=\"https:\/\/www.facebook.com\/acapulcopress.news\" target=\"_blank\" rel=\"noopener\">AcapulcoPress<\/a><\/em><\/p>\n","protected":false},"excerpt":{"rendered":"<p>CHILPANCINGO * 20 de enero de 2022. ) Coordinaci\u00f3n para la Construcci\u00f3n de la Paz El gobierno de Guerrero realiz\u00f3 una caravana de atenci\u00f3n integral a los habitantes de la comunidad de El Durazno, en el municipio de Coyuca de Catal\u00e1n, quienes recibieron atenci\u00f3n psicol\u00f3gica, m\u00e9dica y jur\u00eddica, as\u00ed como paquetes alimentarios y entrega de&#8230;<\/p>\n","protected":false},"author":2,"featured_media":1250148,"comment_status":"closed","ping_status":"closed","sticky":false,"template":"","format":"standard","meta":{"footnotes":""},"categories":[1969,2005],"tags":[8251,12964],"class_list":["post-1250144","post","type-post","status-publish","format-standard","has-post-thumbnail","hentry","category-trending","category-seguridad-y-justicia","tag-evelyn-salgado-pineda","tag-mesa-de-coordinacion-para-la-construccion-de-la-paz"],"_links":{"self":[{"href":"https:\/\/www.acapulcopress.com\/index.php\/wp-json\/wp\/v2\/posts\/1250144","targetHints":{"allow":["GET"]}}],"collection":[{"href":"https:\/\/www.acapulcopress.com\/index.php\/wp-json\/wp\/v2\/posts"}],"about":[{"href":"https:\/\/www.acapulcopress.com\/index.php\/wp-json\/wp\/v2\/types\/post"}],"author":[{"embeddable":true,"href":"https:\/\/www.acapulcopress.com\/index.php\/wp-json\/wp\/v2\/users\/2"}],"replies":[{"embeddable":true,"href":"https:\/\/www.acapulcopress.com\/index.php\/wp-json\/wp\/v2\/comments?post=1250144"}],"version-history":[{"count":0,"href":"https:\/\/www.acapulcopress.com\/index.php\/wp-json\/wp\/v2\/posts\/1250144\/revisions"}],"wp:featuredmedia":[{"embeddable":true,"href":"https:\/\/www.acapulcopress.com\/index.php\/wp-json\/"}],"wp:attachment":[{"href":"https:\/\/www.acapulcopress.com\/index.php\/wp-json\/wp\/v2\/media?parent=1250144"}],"wp:term":[{"taxonomy":"category","embeddable":true,"href":"https:\/\/www.acapulcopress.com\/index.php\/wp-json\/wp\/v2\/categories?post=1250144"},{"taxonomy":"post_tag","embeddable":true,"href":"https:\/\/www.acapulcopress.com\/index.php\/wp-json\/wp\/v2\/tags?post=1250144"}],"curies":[{"name":"wp","href":"https:\/\/api.w.org\/{rel}","templated":true}]}}