{"id":1250152,"date":"2023-01-20T20:25:45","date_gmt":"2023-01-21T02:25:45","guid":{"rendered":"https:\/\/www.acapulcopress.com\/?p=1250152"},"modified":"2023-01-20T20:25:45","modified_gmt":"2023-01-21T02:25:45","slug":"agradecen-grupos-vulnerables-ser-tomados-en-cuenta-por-gobierno-de-evelyn-salgado","status":"publish","type":"post","link":"https:\/\/www.acapulcopress.com\/index.php\/2023\/01\/20\/agradecen-grupos-vulnerables-ser-tomados-en-cuenta-por-gobierno-de-evelyn-salgado\/","title":{"rendered":"Agradecen grupos vulnerables ser tomados en cuenta por gobierno de Evelyn Salgado"},"content":{"rendered":"<p style=\"text-align: justify;\">CHILPANCINGO * 20 de enero de 2023.<br \/>\n<em>) Gobierno de Guerrero<\/em><br \/>\n\u00abEs una emoci\u00f3n muy grande ver que no estamos olvidados, nos est\u00e1n tomando mucho en <img loading=\"lazy\" decoding=\"async\" class=\"alignleft size-medium wp-image-1250158\" src=\"https:\/\/www.acapulcopress.com\/wp-content\/uploads\/2023\/01\/vulnerablesgro6-375x562.jpg\" alt=\"\" width=\"375\" height=\"562\" \/>cuenta. No hay que dejarnos vencer por una discapacidad\u00bb, expres\u00f3 el se\u00f1or Salvador Pastor Garc\u00eda a la gobernadora Evelyn Salgado Pineda y a la presidenta del Sistema DIF Guerrero, Liz Salgado Pineda, durante la primera entrega de aparatos funcionales ortop\u00e9dicos del 2023, haciendo realidad uno de los compromisos con las familias guerrerenses, donde fueron beneficiados 230 personas de municipios de la regi\u00f3n Centro, con una inversi\u00f3n de 1.6 millones de pesos.<\/p>\n<p style=\"text-align: justify;\">En las instalaciones del Centro de Rehabilitaci\u00f3n Integral Guerrero (CRIG), en Chilpancingo, se dieron cita beneficiarios del programa de aparatos funcionales de los municipios de Chilpancingo, Eduardo Neri, Leonardo Bravo, Juan R Escudero, Chilapa, Tixtla, Mochitl\u00e1n, Heliodoro Castillo, M\u00e1rtir de Cuilapan y Quechultenango, en la primera entrega del a\u00f1o de sillas de ruedas, bastones, muletas y andaderas ortop\u00e9dicas para ni\u00f1as, ni\u00f1os y adultos que mejorar\u00e1n su calidad de vida y su condici\u00f3n f\u00edsica.<\/p>\n<p style=\"text-align: justify;\">Con un nudo en la garganta por la emoci\u00f3n de recibir este apoyo, el se\u00f1or Salvador Pastor <img loading=\"lazy\" decoding=\"async\" class=\"alignleft size-medium wp-image-1250157\" src=\"https:\/\/www.acapulcopress.com\/wp-content\/uploads\/2023\/01\/vulnerablesgro5-375x577.jpg\" alt=\"\" width=\"375\" height=\"577\" \/>Garc\u00eda vecino del municipio de Eduardo Neri, reconoci\u00f3 a nombre de los beneficiarios el trabajo del gobierno de Evelyn Salgado Pineda a trav\u00e9s del sistema DIF Guerrero, en la atenci\u00f3n a las personas discapacitadas que est\u00e1n siendo tomadas en cuenta en las pol\u00edticas de gobierno sensibles a las necesidades de los sectores vulnerables.<\/p>\n<p style=\"text-align: justify;\">Como parte de las acciones que transforman vida en Guerrero, en su mensaje, la gobernadora, refrend\u00f3 su apoyo al sistema DIF Estatal, con recursos que se traducen en apoyos directos a los sectores m\u00e1s vulnerables de la entidad, y destac\u00f3 que gracias a la suma de esfuerzos en la entidad, el programa de apoyos a discapacitados se entregan de manera universal con una inversi\u00f3n de aportaci\u00f3n directa de 378 millones de pesos anuales para seguir transformando vidas.<\/p>\n<p style=\"text-align: justify;\">La presidenta del Sistema DIF Guerrero, Liz Salgado, expuso que con esta entrega correspondiente al mes de enero se benefician 230 personas de la regi\u00f3n Centro con igual n\u00famero de aparatos funcionales, sumando m\u00e1s de 3 mil 624 acciones entregadas en lo que va de la administraci\u00f3n, por lo que, sostuvo que los recursos del DIF en Guerrero son <img loading=\"lazy\" decoding=\"async\" class=\"alignleft size-medium wp-image-1250156\" src=\"https:\/\/www.acapulcopress.com\/wp-content\/uploads\/2023\/01\/vulnerablesgro4-375x250.jpg\" alt=\"\" width=\"375\" height=\"250\" \/>destinados a los sectores que m\u00e1s lo necesitan con transparencia.<\/p>\n<p style=\"text-align: justify;\">Asistieron al evento la diputada Gloria Citlali Calixto; el presidente municipal de Mochitl\u00e1n, Gerardo Mosso L\u00f3pez; el Director del DIF Guerrero, Antelmo Magdaleno Sol\u00eds; el Director de Servicios M\u00e9dicos del DIF Guerrero, Jaime Cisneros Saldoval, entre otros funcionarios\u00a0estatales.<\/p>\n<p style=\"text-align: justify;\"><em>) S\u00edguenos en Facebook | @<a href=\"https:\/\/www.facebook.com\/acapulcopress.news\" target=\"_blank\" rel=\"noopener\">AcapulcoPress<\/a><\/em><\/p>\n","protected":false},"excerpt":{"rendered":"<p>CHILPANCINGO * 20 de enero de 2023. ) Gobierno de Guerrero \u00abEs una emoci\u00f3n muy grande ver que no estamos olvidados, nos est\u00e1n tomando mucho en cuenta. No hay que dejarnos vencer por una discapacidad\u00bb, expres\u00f3 el se\u00f1or Salvador Pastor Garc\u00eda a la gobernadora Evelyn Salgado Pineda y a la presidenta del Sistema DIF Guerrero,&#8230;<\/p>\n","protected":false},"author":2,"featured_media":1250153,"comment_status":"closed","ping_status":"closed","sticky":false,"template":"","format":"standard","meta":{"footnotes":""},"categories":[1983,18561],"tags":[5530,7313,8251,12012],"class_list":["post-1250152","post","type-post","status-publish","format-standard","has-post-thumbnail","hentry","category-guerrerogob","category-society-politics","tag-centro-de-rehabilitacion-integral-guerrero-crig","tag-dif-guerrero","tag-evelyn-salgado-pineda","tag-liz-salgado-pineda"],"_links":{"self":[{"href":"https:\/\/www.acapulcopress.com\/index.php\/wp-json\/wp\/v2\/posts\/1250152","targetHints":{"allow":["GET"]}}],"collection":[{"href":"https:\/\/www.acapulcopress.com\/index.php\/wp-json\/wp\/v2\/posts"}],"about":[{"href":"https:\/\/www.acapulcopress.com\/index.php\/wp-json\/wp\/v2\/types\/post"}],"author":[{"embeddable":true,"href":"https:\/\/www.acapulcopress.com\/index.php\/wp-json\/wp\/v2\/users\/2"}],"replies":[{"embeddable":true,"href":"https:\/\/www.acapulcopress.com\/index.php\/wp-json\/wp\/v2\/comments?post=1250152"}],"version-history":[{"count":0,"href":"https:\/\/www.acapulcopress.com\/index.php\/wp-json\/wp\/v2\/posts\/1250152\/revisions"}],"wp:featuredmedia":[{"embeddable":true,"href":"https:\/\/www.acapulcopress.com\/index.php\/wp-json\/"}],"wp:attachment":[{"href":"https:\/\/www.acapulcopress.com\/index.php\/wp-json\/wp\/v2\/media?parent=1250152"}],"wp:term":[{"taxonomy":"category","embeddable":true,"href":"https:\/\/www.acapulcopress.com\/index.php\/wp-json\/wp\/v2\/categories?post=1250152"},{"taxonomy":"post_tag","embeddable":true,"href":"https:\/\/www.acapulcopress.com\/index.php\/wp-json\/wp\/v2\/tags?post=1250152"}],"curies":[{"name":"wp","href":"https:\/\/api.w.org\/{rel}","templated":true}]}}