{"id":1250160,"date":"2023-01-20T20:41:04","date_gmt":"2023-01-21T02:41:04","guid":{"rendered":"https:\/\/www.acapulcopress.com\/?p=1250160"},"modified":"2023-01-20T20:41:04","modified_gmt":"2023-01-21T02:41:04","slug":"policia-estatal-institucion-solida-y-eficiente-evelyn-salgado","status":"publish","type":"post","link":"https:\/\/www.acapulcopress.com\/index.php\/2023\/01\/20\/policia-estatal-institucion-solida-y-eficiente-evelyn-salgado\/","title":{"rendered":"Polic\u00eda Estatal, instituci\u00f3n s\u00f3lida y eficiente | Evelyn Salgado"},"content":{"rendered":"<p style=\"text-align: justify;\">CHILPANCINGO * 20 de enero de 2022.<br \/>\n<em>) Gobierno de Guerrero<\/em><br \/>\n<img loading=\"lazy\" decoding=\"async\" class=\"alignleft size-medium wp-image-1250163\" src=\"https:\/\/www.acapulcopress.com\/wp-content\/uploads\/2023\/01\/pegro3-375x501.jpg\" alt=\"\" width=\"375\" height=\"501\" \/>La gobernadora Evelyn Salgado Pineda, celebr\u00f3 en su d\u00eda a las y los polic\u00edas de la Secretar\u00eda de Seguridad P\u00fablica del estado, a quienes refrend\u00f3 su apoyo para seguir consolidando una instituci\u00f3n s\u00f3lida y eficiente, con el mejoramiento de sus condiciones laborales y el fortalecimiento de sus capacidades t\u00e9cnicas al dotar este a\u00f1o de m\u00e1s recursos a la corporaci\u00f3n, para que cuente con todas las herramientas necesarias para el buen desempe\u00f1o de sus funciones policiales para garantizar la paz y la seguridad de Guerrero.<\/p>\n<p style=\"text-align: justify;\">\u00abNuestra polic\u00eda estatal est\u00e1 bien calificada, las y los guerrerenses conf\u00edan en su polic\u00eda estatal y es algo que me llena de orgullo porque quiero decir que el trabajo que est\u00e1n haciendo todos los d\u00edas la ciudadan\u00eda lo nota. Vemos a una polic\u00eda que se acerca y dialoga con los ciudadanos. As\u00ed lo vemos todos los d\u00edas, como guerrerenses que salen a dar la batalla, que est\u00e1n al pie del ca\u00f1\u00f3n, que siempre van a todas las comunidades por muy alejadas que sean\u00bb, expres\u00f3 la gobernadora.<\/p>\n<p style=\"text-align: justify;\">En las instalaciones de la Universidad Policial de Guerrero, la mandataria, reconoci\u00f3 el <img loading=\"lazy\" decoding=\"async\" class=\"alignleft size-medium wp-image-1250164\" src=\"https:\/\/www.acapulcopress.com\/wp-content\/uploads\/2023\/01\/pegro4-375x250.jpg\" alt=\"\" width=\"375\" height=\"250\" \/>compromiso de la Polic\u00eda Estatal por la seguridad de los guerrerenses, tambi\u00e9n destac\u00f3 su apoyo para defender a las ni\u00f1as y mujeres a trav\u00e9s de la unidad de g\u00e9nero y el Protocolo Violeta, destacando que, en lo que va del mes de enero, de acuerdo con datos del Sistema Nacional de Seguridad P\u00fablica, no se han registrado feminicidios en el estado, por lo que reconoci\u00f3 a la Polic\u00eda de Guerrero como una instituci\u00f3n con rostro humano.<\/p>\n<p style=\"text-align: justify;\">Durante este emotivo evento donde tambi\u00e9n se honr\u00f3 la memoria de los elementos que perdieron la vida en el cumplimiento de su deber, la gobernadora conmin\u00f3 a la instituci\u00f3n mantenerse en el camino del honor, del orgullo y el trabajo honesto en el combate a la <img loading=\"lazy\" decoding=\"async\" class=\"alignleft size-medium wp-image-1250162\" src=\"https:\/\/www.acapulcopress.com\/wp-content\/uploads\/2023\/01\/pegro2-375x504.jpg\" alt=\"\" width=\"375\" height=\"504\" \/>corrupci\u00f3n que es tarea de todas y todos, as\u00ed como el combate a la impunidad para convertir a Guerrero en un referente nacional.<\/p>\n<p style=\"text-align: justify;\">Acompa\u00f1ada por el secretario de Seguridad P\u00fablica, Evelio Mendez G\u00f3mez y el senador F\u00e9lix Salgado Macedonio, en el marco de esta celebraci\u00f3n, la mandataria estatal, entreg\u00f3 reconocimientos y est\u00edmulos a las y los elementos destacados de distintas escalas de mando, as\u00ed como a polic\u00edas con mejor desempe\u00f1o y resultados, as\u00ed como al personal que por sus actos de valent\u00eda fueron heridos en el cumplimiento de su deber y a elementos con mayor edad y antig\u00fcedad en el servicio.<\/p>\n<p style=\"text-align: justify;\">Por su parte, el titular de la Secretar\u00eda de Seguridad P\u00fablica del estado, Evelio Mendez G\u00f3mez, destac\u00f3 que esta instituci\u00f3n tiene el compromiso de servir y proteger al pueblo para construir la paz y la tranquilidad por el bien de las familias guerrerenses.<\/p>\n<p style=\"text-align: justify;\">Destac\u00f3 que, por instrucciones de la gobernadora Evelyn Salgado Pineda, se han reconstruido en la Polic\u00eda Estatal, las labores de proximidad social y prevenci\u00f3n del delito, <img loading=\"lazy\" decoding=\"async\" class=\"alignleft size-medium wp-image-1250165\" src=\"https:\/\/www.acapulcopress.com\/wp-content\/uploads\/2023\/01\/pegro5-375x260.jpg\" alt=\"\" width=\"375\" height=\"260\" \/>con el fin de brindar respuesta a la ciudadan\u00eda, a trav\u00e9s de una corporaci\u00f3n moderna y mejor equipada con herramientas tecnol\u00f3gicas para hacer frente a la delincuencia, eficientando la operaci\u00f3n policial.<\/p>\n<p style=\"text-align: justify;\">Asistieron al evento la diputada Presidenta de la Mesa Directiva del Congreso del Estado, Yanelly Hern\u00e1ndez Mart\u00ednez; el Presidente del Tribunal Superior de Justicia, Raymundo Casarrubias V\u00e1zquez, la Diputada Presidenta de la Junta de Coordinaci\u00f3n Pol\u00edtica, Yoloczin Dom\u00ednguez Serna; el comandante de la D\u00e9cima Segunda Regi\u00f3n Naval, Julio C\u00e9sar Pescina \u00c1vila; la presidenta del Sistema DIF Guerrero, Liz Salgado Pineda; la Fiscal General del estado, Sandra Luz Valdovinos Salmer\u00f3n y el coronel Rodrigo Medina Miranda, comandante del 50 batall\u00f3n de infanter\u00eda,\u00a0entre\u00a0otros.<\/p>\n<p style=\"text-align: justify;\"><em>) S\u00edguenos en Facebook | @<a href=\"https:\/\/www.facebook.com\/acapulcopress.news\" target=\"_blank\" rel=\"noopener\">AcapulcoPress<\/a><\/em><\/p>\n","protected":false},"excerpt":{"rendered":"<p>CHILPANCINGO * 20 de enero de 2022. ) Gobierno de Guerrero La gobernadora Evelyn Salgado Pineda, celebr\u00f3 en su d\u00eda a las y los polic\u00edas de la Secretar\u00eda de Seguridad P\u00fablica del estado, a quienes refrend\u00f3 su apoyo para seguir consolidando una instituci\u00f3n s\u00f3lida y eficiente, con el mejoramiento de sus condiciones laborales y el&#8230;<\/p>\n","protected":false},"author":2,"featured_media":1250161,"comment_status":"closed","ping_status":"closed","sticky":false,"template":"","format":"standard","meta":{"footnotes":""},"categories":[1983,18561],"tags":[8251,9302,14720,17651],"class_list":["post-1250160","post","type-post","status-publish","format-standard","has-post-thumbnail","hentry","category-guerrerogob","category-society-politics","tag-evelyn-salgado-pineda","tag-gobierno-de-guerrero","tag-policia-estatal-de-guerrero","tag-universidad-policial-de-guerrero"],"_links":{"self":[{"href":"https:\/\/www.acapulcopress.com\/index.php\/wp-json\/wp\/v2\/posts\/1250160","targetHints":{"allow":["GET"]}}],"collection":[{"href":"https:\/\/www.acapulcopress.com\/index.php\/wp-json\/wp\/v2\/posts"}],"about":[{"href":"https:\/\/www.acapulcopress.com\/index.php\/wp-json\/wp\/v2\/types\/post"}],"author":[{"embeddable":true,"href":"https:\/\/www.acapulcopress.com\/index.php\/wp-json\/wp\/v2\/users\/2"}],"replies":[{"embeddable":true,"href":"https:\/\/www.acapulcopress.com\/index.php\/wp-json\/wp\/v2\/comments?post=1250160"}],"version-history":[{"count":0,"href":"https:\/\/www.acapulcopress.com\/index.php\/wp-json\/wp\/v2\/posts\/1250160\/revisions"}],"wp:featuredmedia":[{"embeddable":true,"href":"https:\/\/www.acapulcopress.com\/index.php\/wp-json\/"}],"wp:attachment":[{"href":"https:\/\/www.acapulcopress.com\/index.php\/wp-json\/wp\/v2\/media?parent=1250160"}],"wp:term":[{"taxonomy":"category","embeddable":true,"href":"https:\/\/www.acapulcopress.com\/index.php\/wp-json\/wp\/v2\/categories?post=1250160"},{"taxonomy":"post_tag","embeddable":true,"href":"https:\/\/www.acapulcopress.com\/index.php\/wp-json\/wp\/v2\/tags?post=1250160"}],"curies":[{"name":"wp","href":"https:\/\/api.w.org\/{rel}","templated":true}]}}