{"id":1250194,"date":"2023-01-23T20:39:32","date_gmt":"2023-01-24T02:39:32","guid":{"rendered":"https:\/\/www.acapulcopress.com\/?p=1250194"},"modified":"2023-01-23T20:39:32","modified_gmt":"2023-01-24T02:39:32","slug":"murio-a-los-78-anos-de-edad-el-comediante-polo-polo","status":"publish","type":"post","link":"https:\/\/www.acapulcopress.com\/index.php\/2023\/01\/23\/murio-a-los-78-anos-de-edad-el-comediante-polo-polo\/","title":{"rendered":"Muri\u00f3 a los 78 a\u00f1os de edad el comediante &#8216;Polo Polo&#8217;"},"content":{"rendered":"<p style=\"text-align: justify;\">CIUDAD DE M\u00c9XICO * 23 de enero de 2023.<br \/>\n<em>) <a href=\"https:\/\/www.infobae.com\/mexico\/2023\/01\/23\/murio-el-comediante-mexicano-polo-polo-a-los-78-anos-de-edad\/\" target=\"_blank\" rel=\"noopener\">Infobae<\/a><br \/>\n<\/em>A los 78 a\u00f1os de edad, se report\u00f3 la muerte del comediante mexicano <em>Polo Polo,<\/em> quien salt\u00f3 a la fama nacional gracias a sus coloridos chistes. Tras su retiro de los escenarios y otros eventos en 2016, sin ofrecer ning\u00fan tipo de explicaci\u00f3n, no pasaron muchos a\u00f1os para que comenzaran los rumores sobre su supuesto padecimiento de Alzheimer, aunque de momento se desconoce la causa del sensible fallecimiento.<\/p>\n<p style=\"text-align: justify;\">Leopoldo Roberto Garc\u00eda Pel\u00e1ez Ben\u00edtez naci\u00f3 el 9 de marzo de 1944 siendo oriundo de Le\u00f3n, Guanajuato. Pero desde muy temprana edad, demostr\u00f3 tener talento para realizar uno de los oficios m\u00e1s complicados del mundo del entretenimiento: hacer re\u00edr a los dem\u00e1s.<\/p>\n<p style=\"text-align: justify;\">Tras animarse a presentarse en centros locales de su comunidad, su peculiar sentido del humor especializado en temas para adultos, doble sentido y de albures, comenz\u00f3 a abrirle todo tipo de puerta en su estado y posteriormente en el resto de M\u00e9xico.<\/p>\n<p style=\"text-align: justify;\">Por ello, la noticia difundida durante la tarde del lunes 23 de enero ha generado gran impacto en la far\u00e1ndula mexicana y el p\u00fablico que en m\u00e1s de una d\u00e9cada sigui\u00f3 su pol\u00e9mico sentido del humor, pues adem\u00e1s de ser considerado como el \u201cprimer standupero mexicano\u201d, tambi\u00e9n desarroll\u00f3 una importante faceta como actor en cintas como Investigador privado&#8230; muy privado, <em>S\u00f3lo para ad\u00falteros, Los relajados, Duro y parejo en la casita del pecado <\/em>y <em>La lecher\u00eda de Zacar\u00edas<\/em>.<\/p>\n<p style=\"text-align: justify;\">Sobre el sensible fallecimiento de <em>Polo Polo<\/em>, su hijo Paul Garc\u00eda inform\u00f3 en entrevista con <strong>Pati Chapoy<\/strong>, para <em>Ventaneando,<\/em> que muri\u00f3 alrededor de las 5:15 a.m. por causas naturales: \u201cDej\u00f3 de respirar\u2026 Te puedo decir que en sus \u00faltimos d\u00edas siempre estuvo arropado por la familia, todo el tiempo mi hermana estuvo al tanto de \u00e9l y cumplieron lo que \u00e9l siempre quiso, que era nunca entrar a una instituci\u00f3n, que lo cuid\u00e1ramos siempre nosotros; ella lo hizo muy bien\u201d.<\/p>\n<p style=\"text-align: justify;\">El sensible fallecimiento del referido como \u201cel maestro del doble sentido mexicano\u201d gener\u00f3 nostalgia entre quienes gozaban su particular humor, hasta reconocidos personajes de la comedia, por lo que exponentes de la \u201cvieja y nueva escuela\u201d han externado sus condolencias en redes sociales:<\/p>\n<p style=\"text-align: justify;\">\u201cEl rey ha muerto, el mundo se ha vuelto un lugar menos gracioso y con menos magia\u201d, as\u00ed fue como <strong>Franco Escamilla<\/strong> se uni\u00f3 a la viral noticia por la partida de Polo Polo, a quien, asegur\u00f3, \u201cnadie podr\u00e1 igualarlo\u201d.<\/p>\n<p style=\"text-align: justify;\">\u201cNadie nunca igualar\u00e1 al maestro Polo Polo QEPD. Un marlboro rojo y un \u2018cognaquito\u2019 a a salud del mejor de todos los tiempos\u201d.<\/p>\n<p style=\"text-align: justify;\">Incluso, la muerte del comediante fue lamentada por algunos de sus hom\u00f3logos cuyas s\u00e1tiras son m\u00e1s enfocadas al bando pol\u00edtico, tales como <strong>V\u00edctor Trujillo<\/strong>, quien agradeci\u00f3 \u201clos buenos momentos\u201d que Polo Polo dej\u00f3 a la comedia mexicana.<\/p>\n<p style=\"text-align: justify;\">De la misma manera, <em>fans<\/em> han externado sus condolencias en redes sociales, aunque las opiniones sobre el tipo de humor que lo hizo famoso a nivel nacional a\u00fan son debatidas, pues algunas de sus tem\u00e1ticas han sido tachadas desde homof\u00f3bicas hasta mis\u00f3ginas.<\/p>\n<p style=\"text-align: justify;\">\u201cUn grande sin duda alguna, aunque en la actualidad el concepto no es compartible\u201d. \u201cPionero en todo lo que hizo, que actualmente muchos replican aunque claramente cuidando no cometes esos errores por los que es se\u00f1alado en las nuevas generaciones\u201d. \u201c\u00a1Hasta siempre Polo Polo! Gracias por ser un puente de diversi\u00f3n entre mi pap\u00e1 y yo, aunque ahora ambos no est\u00e1n\u201d, reaccionaron internautas.<\/p>\n<p style=\"text-align: justify;\"><em>) S\u00edguenos en Facebook | @<a href=\"https:\/\/www.facebook.com\/acapulcopress.news\" target=\"_blank\" rel=\"noopener\">AcapulcoPress<\/a><\/em><\/p>\n","protected":false},"excerpt":{"rendered":"<p>CIUDAD DE M\u00c9XICO * 23 de enero de 2023. ) Infobae A los 78 a\u00f1os de edad, se report\u00f3 la muerte del comediante mexicano Polo Polo, quien salt\u00f3 a la fama nacional gracias a sus coloridos chistes. Tras su retiro de los escenarios y otros eventos en 2016, sin ofrecer ning\u00fan tipo de explicaci\u00f3n, no&#8230;<\/p>\n","protected":false},"author":2,"featured_media":1250195,"comment_status":"closed","ping_status":"closed","sticky":false,"template":"","format":"standard","meta":{"footnotes":""},"categories":[1972,1988,1994],"tags":[7515,11571,11773,12097,14766,16799],"class_list":["post-1250194","post","type-post","status-publish","format-standard","has-post-thumbnail","hentry","category-special","category-lifestyles","category-personalidades","tag-duro-y-parejo-en-la-casita-del-pecado","tag-la-lecheria-de-zacarias","tag-leopoldo-roberto-garcia-pelaez-benitez","tag-los-relajados","tag-polo-polo","tag-solo-para-adulteros"],"_links":{"self":[{"href":"https:\/\/www.acapulcopress.com\/index.php\/wp-json\/wp\/v2\/posts\/1250194","targetHints":{"allow":["GET"]}}],"collection":[{"href":"https:\/\/www.acapulcopress.com\/index.php\/wp-json\/wp\/v2\/posts"}],"about":[{"href":"https:\/\/www.acapulcopress.com\/index.php\/wp-json\/wp\/v2\/types\/post"}],"author":[{"embeddable":true,"href":"https:\/\/www.acapulcopress.com\/index.php\/wp-json\/wp\/v2\/users\/2"}],"replies":[{"embeddable":true,"href":"https:\/\/www.acapulcopress.com\/index.php\/wp-json\/wp\/v2\/comments?post=1250194"}],"version-history":[{"count":0,"href":"https:\/\/www.acapulcopress.com\/index.php\/wp-json\/wp\/v2\/posts\/1250194\/revisions"}],"wp:featuredmedia":[{"embeddable":true,"href":"https:\/\/www.acapulcopress.com\/index.php\/wp-json\/"}],"wp:attachment":[{"href":"https:\/\/www.acapulcopress.com\/index.php\/wp-json\/wp\/v2\/media?parent=1250194"}],"wp:term":[{"taxonomy":"category","embeddable":true,"href":"https:\/\/www.acapulcopress.com\/index.php\/wp-json\/wp\/v2\/categories?post=1250194"},{"taxonomy":"post_tag","embeddable":true,"href":"https:\/\/www.acapulcopress.com\/index.php\/wp-json\/wp\/v2\/tags?post=1250194"}],"curies":[{"name":"wp","href":"https:\/\/api.w.org\/{rel}","templated":true}]}}