{"id":1250206,"date":"2023-01-23T21:30:00","date_gmt":"2023-01-24T03:30:00","guid":{"rendered":"https:\/\/www.acapulcopress.com\/?p=1250206"},"modified":"2023-01-23T21:30:00","modified_gmt":"2023-01-24T03:30:00","slug":"covid-continua-a-la-alza-en-todo-el-pais-guerrero-reporta-308-casos-activos","status":"publish","type":"post","link":"https:\/\/www.acapulcopress.com\/index.php\/2023\/01\/23\/covid-continua-a-la-alza-en-todo-el-pais-guerrero-reporta-308-casos-activos\/","title":{"rendered":"Covid contin\u00faa a la alza en todo el pa\u00eds; Guerrero reporta 308 casos activos"},"content":{"rendered":"<p style=\"text-align: justify;\">CHILPANCINGO * 23 de enero de 2023.<br \/>\n<em>) Gobierno de Guerrero<\/em><br \/>\nDe acuerdo a los reportes que emite la Secretar\u00eda de Salud Federal, se inform\u00f3 que los casos activos por Covid-19 contin\u00faan al alza en todo el pa\u00eds, por lo cual la entidad presenta que al 22 de enero se registran 308 casos activos de Covid-19, de los cuales 5 nuevos casos se confirmaron en las \u00faltimas 24 horas, por lo que reiter\u00f3 el llamado a la poblaci\u00f3n a mantener las medidas preventivas.<\/p>\n<p style=\"text-align: justify;\">Se inform\u00f3 que a nivel nacional este virus est\u00e1 afectando principalmente a mujeres, en edades de 25 a 35 a\u00f1os.<\/p>\n<p style=\"text-align: justify;\">Al presentar el informe t\u00e9cnico diario sobre el estado de la pandemia en Guerrero, la dependencia indic\u00f3 que la entidad acumula 118,164 casos confirmados y 6,871 defunciones, y reiter\u00f3 el llamado a mantener las medidas preventivas para evitar el aumento de contagios del virus SARS-CoV-2.<\/p>\n<p style=\"text-align: justify;\">La SSG detall\u00f3 que Guerrero registra casos activos en 28 municipios, entre los que se encuentran los siguientes: Chilpancingo, 114; Acapulco, 96; Iguala, 26; Taxco, 18; Tlapa, 10; Chilapa, 7; Eduardo Neri, 4; Ometepec, 4; Zihuatanejo, 4; y Tixtla, 3.<\/p>\n<p style=\"text-align: justify;\">Se contin\u00faa haciendo trabajo para lograr que la poblaci\u00f3n no deje de aplicar las medidas sanitarias establecidas para evitar la propagaci\u00f3n del virus, as\u00ed como la petici\u00f3n de acudir a sus centros de salud en caso de presentar s\u00edntomas para su pronta atenci\u00f3n y dar un seguimiento oportuno a los casos\u00a0positivos.<\/p>\n<p style=\"text-align: justify;\"><em>) S\u00edguenos en Facebook | @<a href=\"https:\/\/www.facebook.com\/acapulcopress.news\" target=\"_blank\" rel=\"noopener\">AcapulcoPress<\/a><\/em><\/p>\n","protected":false},"excerpt":{"rendered":"<p>CHILPANCINGO * 23 de enero de 2023. ) Gobierno de Guerrero De acuerdo a los reportes que emite la Secretar\u00eda de Salud Federal, se inform\u00f3 que los casos activos por Covid-19 contin\u00faan al alza en todo el pa\u00eds, por lo cual la entidad presenta que al 22 de enero se registran 308 casos activos de&#8230;<\/p>\n","protected":false},"author":2,"featured_media":1250207,"comment_status":"closed","ping_status":"closed","sticky":false,"template":"","format":"standard","meta":{"footnotes":""},"categories":[2040,1969],"tags":[6701,16069],"class_list":["post-1250206","post","type-post","status-publish","format-standard","has-post-thumbnail","hentry","category-covidgro","category-trending","tag-covid-19","tag-sars-cov-2"],"_links":{"self":[{"href":"https:\/\/www.acapulcopress.com\/index.php\/wp-json\/wp\/v2\/posts\/1250206","targetHints":{"allow":["GET"]}}],"collection":[{"href":"https:\/\/www.acapulcopress.com\/index.php\/wp-json\/wp\/v2\/posts"}],"about":[{"href":"https:\/\/www.acapulcopress.com\/index.php\/wp-json\/wp\/v2\/types\/post"}],"author":[{"embeddable":true,"href":"https:\/\/www.acapulcopress.com\/index.php\/wp-json\/wp\/v2\/users\/2"}],"replies":[{"embeddable":true,"href":"https:\/\/www.acapulcopress.com\/index.php\/wp-json\/wp\/v2\/comments?post=1250206"}],"version-history":[{"count":0,"href":"https:\/\/www.acapulcopress.com\/index.php\/wp-json\/wp\/v2\/posts\/1250206\/revisions"}],"wp:featuredmedia":[{"embeddable":true,"href":"https:\/\/www.acapulcopress.com\/index.php\/wp-json\/"}],"wp:attachment":[{"href":"https:\/\/www.acapulcopress.com\/index.php\/wp-json\/wp\/v2\/media?parent=1250206"}],"wp:term":[{"taxonomy":"category","embeddable":true,"href":"https:\/\/www.acapulcopress.com\/index.php\/wp-json\/wp\/v2\/categories?post=1250206"},{"taxonomy":"post_tag","embeddable":true,"href":"https:\/\/www.acapulcopress.com\/index.php\/wp-json\/wp\/v2\/tags?post=1250206"}],"curies":[{"name":"wp","href":"https:\/\/api.w.org\/{rel}","templated":true}]}}