{"id":1250210,"date":"2023-01-23T22:02:18","date_gmt":"2023-01-24T04:02:18","guid":{"rendered":"https:\/\/www.acapulcopress.com\/?p=1250210"},"modified":"2023-01-23T22:02:18","modified_gmt":"2023-01-24T04:02:18","slug":"filarmonica-de-acapulco-inicio-su-temporada-2023","status":"publish","type":"post","link":"https:\/\/www.acapulcopress.com\/index.php\/2023\/01\/23\/filarmonica-de-acapulco-inicio-su-temporada-2023\/","title":{"rendered":"Filarm\u00f3nica de Acapulco inici\u00f3 su Temporada 2023"},"content":{"rendered":"<p style=\"text-align: justify;\">ACAPULCO * 23 de enero de 2023.<br \/>\n<em>) Gobierno de Guerrero<\/em><br \/>\nCelebrando este 2023 sus 25 a\u00f1os de haber sido creada en el estado de Guerrero, la <img loading=\"lazy\" decoding=\"async\" class=\"alignleft size-medium wp-image-1250214\" src=\"https:\/\/www.acapulcopress.com\/wp-content\/uploads\/2023\/01\/OFA4-375x281.jpg\" alt=\"\" width=\"375\" height=\"281\" \/>Orquesta Filarm\u00f3nica de Acapulco (OFA) iniciar\u00e1 su temporada anual de conciertos el pr\u00f3ximo s\u00e1bado 28 de enero, con una presentaci\u00f3n que se realizar\u00e1 en el municipio de Acapulco para deleitar a su p\u00fablico con un programa musical guerrerense en el que participar\u00e1 el Ballet Folkl\u00f3rico Malintizin de la Universidad Aut\u00f3noma de Guerrero.<\/p>\n<p style=\"text-align: justify;\">Con el apoyo y respaldo de la gobernadora Evelyn Salgado Pineda a trav\u00e9s de la Secretar\u00eda de Cultura Guerrero, la Filarm\u00f3nica de Acapulco realiza un trabajo de territorio para promover, difundir y fomentar la m\u00fasica sinf\u00f3nica en todas sus manifestaciones, contribuyendo de manera importante, en el proyecto de transformaci\u00f3n que se impulsa en beneficio de los guerrerenses.<\/p>\n<p style=\"text-align: justify;\">Este 2023, la OFA inicia su temporada anual con un total de mil 814 conciertos realizados a <img loading=\"lazy\" decoding=\"async\" class=\"alignleft size-medium wp-image-1250215\" src=\"https:\/\/www.acapulcopress.com\/wp-content\/uploads\/2023\/01\/OFA5-375x281.jpg\" alt=\"\" width=\"375\" height=\"281\" \/>lo largo de 25 a\u00f1os que han sido disfrutados por m\u00e1s de 3 millones de personas, no tan solo en el estado de Guerrero sino a nivel nacional e internacional.<\/p>\n<p style=\"text-align: justify;\">Con su agenda de presentaciones en el 2022, la Filarm\u00f3nica de Acapulco realiz\u00f3 de febrero a diciembre, un total de 76 conciertos en beneficio de 64 mil 220 personas. La programaci\u00f3n incluy\u00f3 21 conciertos especiales dentro del estado de Guerrero; 20 giras municipales; siete presentaciones did\u00e1cticas, 24 conciertos de temporada y cuatro conciertos de gala en la ciudad de M\u00e9xico para conmemorar el 24 aniversario en los recintos culturales m\u00e1s importantes del pa\u00eds como son el Palacio de Bellas Artes, el Centro Nacional de las Artes y el Conservatorio Nacional de M\u00fasica; as\u00ed tambi\u00e9n, participar en el programa cultural \u201cGuerrero en Los Pinos\u201d.<\/p>\n<p style=\"text-align: justify;\">El concierto de este s\u00e1bado 28 de enero se realizar\u00e1 de manera gratuita para el p\u00fablico en general, a las 20:00 horas, en las instalaciones del centro deportivo Jai\u00a0Alai\u00a0Acapulco<\/p>\n<p style=\"text-align: justify;\"><em>) S\u00edguenos en Facebook | @<a href=\"https:\/\/www.facebook.com\/acapulcopress.news\" target=\"_blank\" rel=\"noopener\">AcapulcoPress<\/a><\/em><\/p>\n","protected":false},"excerpt":{"rendered":"<p>ACAPULCO * 23 de enero de 2023. ) Gobierno de Guerrero Celebrando este 2023 sus 25 a\u00f1os de haber sido creada en el estado de Guerrero, la Orquesta Filarm\u00f3nica de Acapulco (OFA) iniciar\u00e1 su temporada anual de conciertos el pr\u00f3ximo s\u00e1bado 28 de enero, con una presentaci\u00f3n que se realizar\u00e1 en el municipio de Acapulco&#8230;<\/p>\n","protected":false},"author":2,"featured_media":1250216,"comment_status":"closed","ping_status":"closed","sticky":false,"template":"","format":"standard","meta":{"footnotes":""},"categories":[18563,1972,1988],"tags":[4530,8251,14058],"class_list":["post-1250210","post","type-post","status-publish","format-standard","has-post-thumbnail","hentry","category-entretenimiento","category-special","category-lifestyles","tag-ballet-folklorico-malintizin","tag-evelyn-salgado-pineda","tag-orquesta-filarmonica-de-acapulco-ofa"],"_links":{"self":[{"href":"https:\/\/www.acapulcopress.com\/index.php\/wp-json\/wp\/v2\/posts\/1250210","targetHints":{"allow":["GET"]}}],"collection":[{"href":"https:\/\/www.acapulcopress.com\/index.php\/wp-json\/wp\/v2\/posts"}],"about":[{"href":"https:\/\/www.acapulcopress.com\/index.php\/wp-json\/wp\/v2\/types\/post"}],"author":[{"embeddable":true,"href":"https:\/\/www.acapulcopress.com\/index.php\/wp-json\/wp\/v2\/users\/2"}],"replies":[{"embeddable":true,"href":"https:\/\/www.acapulcopress.com\/index.php\/wp-json\/wp\/v2\/comments?post=1250210"}],"version-history":[{"count":0,"href":"https:\/\/www.acapulcopress.com\/index.php\/wp-json\/wp\/v2\/posts\/1250210\/revisions"}],"wp:featuredmedia":[{"embeddable":true,"href":"https:\/\/www.acapulcopress.com\/index.php\/wp-json\/"}],"wp:attachment":[{"href":"https:\/\/www.acapulcopress.com\/index.php\/wp-json\/wp\/v2\/media?parent=1250210"}],"wp:term":[{"taxonomy":"category","embeddable":true,"href":"https:\/\/www.acapulcopress.com\/index.php\/wp-json\/wp\/v2\/categories?post=1250210"},{"taxonomy":"post_tag","embeddable":true,"href":"https:\/\/www.acapulcopress.com\/index.php\/wp-json\/wp\/v2\/tags?post=1250210"}],"curies":[{"name":"wp","href":"https:\/\/api.w.org\/{rel}","templated":true}]}}