{"id":1250233,"date":"2023-01-24T18:20:40","date_gmt":"2023-01-25T00:20:40","guid":{"rendered":"https:\/\/www.acapulcopress.com\/?p=1250233"},"modified":"2023-01-24T18:20:40","modified_gmt":"2023-01-25T00:20:40","slug":"desde-mezcala-celebra-titular-de-seg-el-dia-internacional-de-la-educacion","status":"publish","type":"post","link":"https:\/\/www.acapulcopress.com\/index.php\/2023\/01\/24\/desde-mezcala-celebra-titular-de-seg-el-dia-internacional-de-la-educacion\/","title":{"rendered":"Desde Mezcala celebra titular de SEG el D\u00eda Internacional de la Educaci\u00f3n"},"content":{"rendered":"<p style=\"text-align: justify;\">MEZCALA * 24 de enero de 2023.<br \/>\n<em>) SEG<br \/>\n<\/em>El secretario de Educaci\u00f3n en Guerrero, Marcial Rodr\u00edguez Salda\u00f1a, celebr\u00f3 el D\u00eda Internacional de la Educaci\u00f3n en esta localidad, ubicada a orillas del R\u00edo Balsas, con la inauguraci\u00f3n del Centro Comunitario de Atenci\u00f3n a la Primera Infancia (CCAPI) que atender\u00e1 a ni\u00f1as y ni\u00f1os de entre 0 a 3 a\u00f1os a quienes se les dar\u00e1 educaci\u00f3n y alimentos gratuitos.<\/p>\n<p style=\"text-align: justify;\">El responsable de la educaci\u00f3n en la entidad afirm\u00f3 que la gobernadora Evelyn Salgado Pineda est\u00e1 demostrando un gran compromiso con la educaci\u00f3n en el Estado; ah\u00ed, Rodr\u00edguez Salda\u00f1a convoc\u00f3 a madres y padres de familia a inscribir a sus hijas e hijos en el siguiente ciclo escolar, a promover medidas de prevenci\u00f3n de la delincuencia y el consumo de drogas y convertir a la educaci\u00f3n en la columna vertebral del bienestar y desarrollo social, econ\u00f3mico, pol\u00edtico y cultural del pueblo de Guerrero.<\/p>\n<p style=\"text-align: justify;\">Asistieron al evento la presidenta unicipal de Eduardo Neri, Sara Salinas Bravo; integrantes del Cabildo, servidores p\u00fablicos municipales; Jossuki Antonio Galeana Gallardo, Coordinador Estatal del PEEI; el comisario V\u00edctor T\u00e9llez Bahena; el comisariado de Bienes Comunales, Rub\u00e9n Dario L\u00f3pez L\u00f3pez, y madres y padres de familia.<\/p>\n<p><img loading=\"lazy\" decoding=\"async\" class=\"alignnone wp-image-1250234 size-large\" src=\"https:\/\/www.acapulcopress.com\/wp-content\/uploads\/2023\/01\/seg-840x365.jpg\" alt=\"\" width=\"696\" height=\"302\" \/><\/p>\n<p style=\"text-align: justify;\"><em>) S\u00edguenos en Facebook | @<a href=\"https:\/\/www.facebook.com\/acapulcopress.news\" target=\"_blank\" rel=\"noopener\">AcapulcoPressm<\/a><\/em><\/p>\n","protected":false},"excerpt":{"rendered":"<p>MEZCALA * 24 de enero de 2023. ) SEG El secretario de Educaci\u00f3n en Guerrero, Marcial Rodr\u00edguez Salda\u00f1a, celebr\u00f3 el D\u00eda Internacional de la Educaci\u00f3n en esta localidad, ubicada a orillas del R\u00edo Balsas, con la inauguraci\u00f3n del Centro Comunitario de Atenci\u00f3n a la Primera Infancia (CCAPI) que atender\u00e1 a ni\u00f1as y ni\u00f1os de entre&#8230;<\/p>\n","protected":false},"author":2,"featured_media":1250235,"comment_status":"closed","ping_status":"closed","sticky":false,"template":"","format":"standard","meta":{"footnotes":""},"categories":[18561,2081],"tags":[5468,12457,16362],"class_list":["post-1250233","post","type-post","status-publish","format-standard","has-post-thumbnail","hentry","category-society-politics","category-seg","tag-centro-comunitario-de-atencion-a-la-primera-infancia-ccapi","tag-marcial-rodriguez-saldana","tag-seg"],"_links":{"self":[{"href":"https:\/\/www.acapulcopress.com\/index.php\/wp-json\/wp\/v2\/posts\/1250233","targetHints":{"allow":["GET"]}}],"collection":[{"href":"https:\/\/www.acapulcopress.com\/index.php\/wp-json\/wp\/v2\/posts"}],"about":[{"href":"https:\/\/www.acapulcopress.com\/index.php\/wp-json\/wp\/v2\/types\/post"}],"author":[{"embeddable":true,"href":"https:\/\/www.acapulcopress.com\/index.php\/wp-json\/wp\/v2\/users\/2"}],"replies":[{"embeddable":true,"href":"https:\/\/www.acapulcopress.com\/index.php\/wp-json\/wp\/v2\/comments?post=1250233"}],"version-history":[{"count":0,"href":"https:\/\/www.acapulcopress.com\/index.php\/wp-json\/wp\/v2\/posts\/1250233\/revisions"}],"wp:featuredmedia":[{"embeddable":true,"href":"https:\/\/www.acapulcopress.com\/index.php\/wp-json\/"}],"wp:attachment":[{"href":"https:\/\/www.acapulcopress.com\/index.php\/wp-json\/wp\/v2\/media?parent=1250233"}],"wp:term":[{"taxonomy":"category","embeddable":true,"href":"https:\/\/www.acapulcopress.com\/index.php\/wp-json\/wp\/v2\/categories?post=1250233"},{"taxonomy":"post_tag","embeddable":true,"href":"https:\/\/www.acapulcopress.com\/index.php\/wp-json\/wp\/v2\/tags?post=1250233"}],"curies":[{"name":"wp","href":"https:\/\/api.w.org\/{rel}","templated":true}]}}