{"id":1250237,"date":"2023-01-24T18:37:17","date_gmt":"2023-01-25T00:37:17","guid":{"rendered":"https:\/\/www.acapulcopress.com\/?p=1250237"},"modified":"2023-01-24T18:37:17","modified_gmt":"2023-01-25T00:37:17","slug":"emite-seg-calendario-de-preincripciones-del-ciclo-escolar-2023-2024","status":"publish","type":"post","link":"https:\/\/www.acapulcopress.com\/index.php\/2023\/01\/24\/emite-seg-calendario-de-preincripciones-del-ciclo-escolar-2023-2024\/","title":{"rendered":"Emite SEG calendario de preincripciones del Ciclo Escolar 2023\/2024"},"content":{"rendered":"<p style=\"text-align: justify;\">CHILPACINGO * 24 de enero de 2023.<br \/>\n<em>) SEG<\/em><br \/>\nLa Secretar\u00eda de Educaci\u00f3n Guerrero\u00a0 (SEG) informa que del 1 al 15 de febrero se podr\u00e1 <img loading=\"lazy\" decoding=\"async\" class=\"alignleft size-medium wp-image-1250242\" src=\"https:\/\/www.acapulcopress.com\/wp-content\/uploads\/2023\/01\/seg2023-375x258.jpg\" alt=\"\" width=\"375\" height=\"258\" \/>realizar el tr\u00e1mite de preinscripci\u00f3n a escuelas de educaci\u00f3n b\u00e1sica (preescolar, primaria y secundaria) para el ciclo escolar 2023-2024.<\/p>\n<p style=\"text-align: justify;\">El tr\u00e1mite para escuelas ubicadas en zonas urbanas ser\u00e1 a trav\u00e9s del portal web <a href=\"http:\/\/preinscripciones.segro.edu.mx\" target=\"_blank\" rel=\"noopener\"><em>http:\/\/preinscripciones.segro.edu.mx<\/em><\/a>, para evitar largas filas y apartados de lugares, y el cual estar\u00e1 activo a partir del 1 de febrero.<\/p>\n<p style=\"text-align: justify;\">En el caso de las escuelas p\u00fablicas y privadas en localidades el tr\u00e1mite ser\u00e1 de forma presencial en un horario de 8 a 12:30 de la tarde para las primarias y secundarias del turno matutino y de 14:00 a 17:00 hrs. para el turno vespertino; mientras que para el nivel preescolar el horario de atenci\u00f3n ser\u00e1 de 9:00 a 12:00 y de 14:00 a 17:00 horas.<\/p>\n<p style=\"text-align: justify;\"><img loading=\"lazy\" decoding=\"async\" class=\"alignleft size-medium wp-image-1250239\" src=\"https:\/\/www.acapulcopress.com\/wp-content\/uploads\/2023\/01\/seg2023.4-375x399.jpg\" alt=\"\" width=\"375\" height=\"399\" \/>De acuerdo a la Gu\u00eda Operativa para la Organizaci\u00f3n y Funcionamiento de los Servicios de Educaci\u00f3n B\u00e1sica 2022-2023 podr\u00e1n preinscribirse: A primer grado de preescolar, ni\u00f1as y ni\u00f1os que tengan 3 a\u00f1os cumplidos al 31 de diciembre de 2023; segundo de preescolar, ni\u00f1as y ni\u00f1os que tengan 4 a\u00f1os; a tercer grado de preescolar, ni\u00f1as y ni\u00f1os que tengan 5 a\u00f1os cumplidos. En el caso de los Centros de Atenci\u00f3n Infantil (CAI), deber\u00e1n sujetarse a los lineamientos de la gu\u00eda e informar sobre los procesos inscripci\u00f3n a la poblaci\u00f3n que ingresa a preescolar.<\/p>\n<p style=\"text-align: justify;\">Asimismo, a primero de primaria, ni\u00f1as y ni\u00f1os con 6 a\u00f1os cumplidos al 31 de diciembre de 2023; secundaria general y t\u00e9cnica, ni\u00f1as y ni\u00f1os menores a 15 a\u00f1os y a primero de telesecundaria, ni\u00f1os y ni\u00f1as menores a 16 a\u00f1os.<\/p>\n<p style=\"text-align: justify;\">Respecto a los servicios educativos en comunidades rurales e ind\u00edgenas y centros escolares para la poblaci\u00f3n migrante que carezcan de servicios para adultos, podr\u00e1n inscribirse a los <img loading=\"lazy\" decoding=\"async\" class=\"alignleft size-medium wp-image-1250240\" src=\"https:\/\/www.acapulcopress.com\/wp-content\/uploads\/2023\/01\/seg2023.5-375x407.jpg\" alt=\"\" width=\"375\" height=\"407\" \/>menores de 18 a\u00f1os en cualquier modalidad.<\/p>\n<p style=\"text-align: justify;\">Las fichas de preinscripci\u00f3n estar\u00e1n disponibles en la p\u00e1gina web <a href=\"http:\/\/sece.segro.edu.mx\" target=\"_blank\" rel=\"noopener\">http:\/\/sece.segro.edu.mx<\/a> a partir del 1 de febrero de 2023.<\/p>\n<p style=\"text-align: justify;\">Para el ciclo escolar 2023-2024, se publicar\u00e1 la lista de los alumnos aceptados para educaci\u00f3n preescolar, primaria y secundaria el d\u00eda 18 de julio de 2023.<\/p>\n<p style=\"text-align: justify;\">La Subsecretar\u00eda de Educaci\u00f3n B\u00e1sica activar\u00e1 un centro de atenci\u00f3n telef\u00f3nico (8000229818) a partir del 1 de febrero en un horario de 9 a 15:00 horas para resolver cualquier duda sobre el proceso de preinscripciones.<\/p>\n<p style=\"text-align: justify;\">Tambi\u00e9n, en el caso de alguna irregularidad en el proceso, los padres de familia podr\u00e1n emitir una queja al \u00d3rgano Interno de la SEG, cuyo correo electr\u00f3nico es <em>tudenuncia.oic@segro.edu.mx<\/em> o al n\u00famero 8002120700\u00a0opci\u00f3n\u00a04.<\/p>\n<p><em>) S\u00edguenos en Facebook | @<a href=\"https:\/\/www.facebook.com\/acapulcopress.news\" target=\"_blank\" rel=\"noopener\">AcapulcoPress<\/a><\/em><\/p>\n","protected":false},"excerpt":{"rendered":"<p>CHILPACINGO * 24 de enero de 2023. ) SEG La Secretar\u00eda de Educaci\u00f3n Guerrero\u00a0 (SEG) informa que del 1 al 15 de febrero se podr\u00e1 realizar el tr\u00e1mite de preinscripci\u00f3n a escuelas de educaci\u00f3n b\u00e1sica (preescolar, primaria y secundaria) para el ciclo escolar 2023-2024. El tr\u00e1mite para escuelas ubicadas en zonas urbanas ser\u00e1 a trav\u00e9s&#8230;<\/p>\n","protected":false},"author":2,"featured_media":1250241,"comment_status":"closed","ping_status":"closed","sticky":false,"template":"","format":"standard","meta":{"footnotes":""},"categories":[1972,18561,2081],"tags":[5768,16168,16362],"class_list":["post-1250237","post","type-post","status-publish","format-standard","has-post-thumbnail","hentry","category-special","category-society-politics","category-seg","tag-ciclo-escolar-2023-2024","tag-secretaria-de-educacion-guerrero-seg-in","tag-seg"],"_links":{"self":[{"href":"https:\/\/www.acapulcopress.com\/index.php\/wp-json\/wp\/v2\/posts\/1250237","targetHints":{"allow":["GET"]}}],"collection":[{"href":"https:\/\/www.acapulcopress.com\/index.php\/wp-json\/wp\/v2\/posts"}],"about":[{"href":"https:\/\/www.acapulcopress.com\/index.php\/wp-json\/wp\/v2\/types\/post"}],"author":[{"embeddable":true,"href":"https:\/\/www.acapulcopress.com\/index.php\/wp-json\/wp\/v2\/users\/2"}],"replies":[{"embeddable":true,"href":"https:\/\/www.acapulcopress.com\/index.php\/wp-json\/wp\/v2\/comments?post=1250237"}],"version-history":[{"count":0,"href":"https:\/\/www.acapulcopress.com\/index.php\/wp-json\/wp\/v2\/posts\/1250237\/revisions"}],"wp:featuredmedia":[{"embeddable":true,"href":"https:\/\/www.acapulcopress.com\/index.php\/wp-json\/"}],"wp:attachment":[{"href":"https:\/\/www.acapulcopress.com\/index.php\/wp-json\/wp\/v2\/media?parent=1250237"}],"wp:term":[{"taxonomy":"category","embeddable":true,"href":"https:\/\/www.acapulcopress.com\/index.php\/wp-json\/wp\/v2\/categories?post=1250237"},{"taxonomy":"post_tag","embeddable":true,"href":"https:\/\/www.acapulcopress.com\/index.php\/wp-json\/wp\/v2\/tags?post=1250237"}],"curies":[{"name":"wp","href":"https:\/\/api.w.org\/{rel}","templated":true}]}}