{"id":1250253,"date":"2023-01-24T20:07:36","date_gmt":"2023-01-25T02:07:36","guid":{"rendered":"https:\/\/www.acapulcopress.com\/?p=1250253"},"modified":"2023-01-24T20:07:36","modified_gmt":"2023-01-25T02:07:36","slug":"grande-revela-secuestro-de-garcia-por-mochomo","status":"publish","type":"post","link":"https:\/\/www.acapulcopress.com\/index.php\/2023\/01\/24\/grande-revela-secuestro-de-garcia-por-mochomo\/","title":{"rendered":"&#8216;Grande&#8217; revela secuestro de Garc\u00eda por &#8216;Mochomo&#8217;"},"content":{"rendered":"<p style=\"text-align: justify;\">CIUDAD DE M\u00c9XICO * 24 de enero de 2023.<br \/>\n<em>) <a href=\"https:\/\/www.proceso.com.mx\/\" target=\"_blank\" rel=\"noopener\">Apro<\/a><\/em><br \/>\nSergio Villarreal Barrag\u00e1n, \u201cEl Grande\u201d, lugarteniente de los Beltr\u00e1n Leyva, declar\u00f3 ante el juez Brian Cogan de la Corte federal del Distrito Este, en Brooklyn, Nueva York, que despu\u00e9s del arresto de Alfredo Beltr\u00e1n Leyva \u00abEl Mochomo\u00bb, su hermano Arturo secuestr\u00f3 a Genaro Garc\u00eda el Luna.<\/p>\n<p style=\"text-align: justify;\">\u201cFue en una carretera del estado de Morelos, rumbo a Cocoyoc\u201d, dijo \u00abEl Grande\u00bb durante la audiencia por narcotr\u00e1fico en contra de Garc\u00eda Luna, el exfuncionario del entonces presidente Felipe Calder\u00f3n.<\/p>\n<p style=\"text-align: justify;\">Tras hablar con \u00e9l, Arturo Beltr\u00e1n Leyva solt\u00f3 al entonces Secretario de Seguridad Publica y le siguieron pagando sus cuotas mensuales de soborno.<\/p>\n<p style=\"text-align: justify;\">El secuestro de Garc\u00eda Luna ocurri\u00f3 presuntamente durante la guerra entre las fracciones <img loading=\"lazy\" decoding=\"async\" class=\"alignleft size-medium wp-image-1250255\" src=\"https:\/\/www.acapulcopress.com\/wp-content\/uploads\/2023\/01\/Sergio-Villarreal-Barragan-375x278.jpg\" alt=\"\" width=\"375\" height=\"278\" \/>de los Beltr\u00e1n Leyva contra \u00abEl Mayo\u00bb Zambada, \u00abEl Chapo\u00bb Guzm\u00e1n, Ignacio \u00abNacho\u00bb Coronel y Juan Jos\u00e9 Esparragoza Moreno \u201cEl Azul\u201d.<\/p>\n<p style=\"text-align: justify;\">Arturo Beltr\u00e1n Leyva, de acuerdo con el testimonio de \u00abEl Grande\u00bb, sospech\u00f3 que Garc\u00eda Luna lo hab\u00eda traicionado y que se puso del lado de sus enemigos del C\u00e1rtel de Sinaloa tras el arresto de \u00abEl Mochomo\u00bb, por lo cual decidi\u00f3 secuestrarlo.<\/p>\n<p style=\"text-align: justify;\">Garc\u00eda Luna dej\u00f3 de contestar las llamadas de Arturo, incluso las que se hac\u00edan a trav\u00e9s del Luis C\u00e1rdenas Palomino, su brazo derecho dentro de la Secretar\u00eda de Seguridad P\u00fablica\u201d, afirm\u00f3 \u00abEl Grande\u00bb durante su segundo d\u00eda de testimonio en la Corte en Brooklyn.<\/p>\n<p style=\"text-align: justify;\">\u201cLo levantaron en una carretera del estado de Morelos que va rumbo a Cocoyoc y lo llevaron a una oficina (casa de seguridad) para ver a Arturo\u201d, cont\u00f3 Villareal Barrag\u00e1n, quien tras cumplir una sentencia de 13 a\u00f1os de c\u00e1rcel en Estados Unidos, ahora se encuentra en libertad aunque bajo la vigilancia de agentes federales.<\/p>\n<p style=\"text-align: justify;\">En la oficina, Arturo Beltr\u00e1n Leyva le ley\u00f3 la cartilla a Garc\u00eda Luna y le pregunt\u00f3 de qu\u00e9 lado estaba en la guerra entre los sinaloenses, tras llegar a una entendimiento lo dej\u00f3 ir y acord\u00f3 seguirle pagando entre un mill\u00f3n y mill\u00f3n y medio de d\u00f3lares mensuales para que lo siguiera apoyando.<\/p>\n<p style=\"text-align: justify;\">El Grande cont\u00f3 en la sala 8D que preside el juez Cogan, que despu\u00e9s \u00e9l fue a la casa de seguridad y se vio con Arturo, en donde sobre el piso de la sala \u201cestaban los cargadores\u201d de las armas de los elementos de la escolta de Garc\u00eda Luna, inhabilitados durante el secuestro de su jefe.<\/p>\n<p style=\"text-align: justify;\"><em>) S\u00edguenos en Facebook | @<a href=\"https:\/\/www.facebook.com\/acapulcopress.news\" target=\"_blank\" rel=\"noopener\">AcapulcoPress<\/a><\/em><\/p>\n","protected":false},"excerpt":{"rendered":"<p>CIUDAD DE M\u00c9XICO * 24 de enero de 2023. ) Apro Sergio Villarreal Barrag\u00e1n, \u201cEl Grande\u201d, lugarteniente de los Beltr\u00e1n Leyva, declar\u00f3 ante el juez Brian Cogan de la Corte federal del Distrito Este, en Brooklyn, Nueva York, que despu\u00e9s del arresto de Alfredo Beltr\u00e1n Leyva \u00abEl Mochomo\u00bb, su hermano Arturo secuestr\u00f3 a Genaro Garc\u00eda&#8230;<\/p>\n","protected":false},"author":2,"featured_media":1250254,"comment_status":"closed","ping_status":"closed","sticky":false,"template":"","format":"standard","meta":{"footnotes":""},"categories":[1997],"tags":[2381,3637,4182,5304,16517],"class_list":["post-1250253","post","type-post","status-publish","format-standard","has-post-thumbnail","hentry","category-noticias-destacadas","tag-el-grande","tag-alfredo-beltran-leyva-el-mochomo","tag-arturo-beltran-leyva","tag-cartel-de-sinaloa","tag-sergio-villarreal-barragan"],"_links":{"self":[{"href":"https:\/\/www.acapulcopress.com\/index.php\/wp-json\/wp\/v2\/posts\/1250253","targetHints":{"allow":["GET"]}}],"collection":[{"href":"https:\/\/www.acapulcopress.com\/index.php\/wp-json\/wp\/v2\/posts"}],"about":[{"href":"https:\/\/www.acapulcopress.com\/index.php\/wp-json\/wp\/v2\/types\/post"}],"author":[{"embeddable":true,"href":"https:\/\/www.acapulcopress.com\/index.php\/wp-json\/wp\/v2\/users\/2"}],"replies":[{"embeddable":true,"href":"https:\/\/www.acapulcopress.com\/index.php\/wp-json\/wp\/v2\/comments?post=1250253"}],"version-history":[{"count":0,"href":"https:\/\/www.acapulcopress.com\/index.php\/wp-json\/wp\/v2\/posts\/1250253\/revisions"}],"wp:featuredmedia":[{"embeddable":true,"href":"https:\/\/www.acapulcopress.com\/index.php\/wp-json\/"}],"wp:attachment":[{"href":"https:\/\/www.acapulcopress.com\/index.php\/wp-json\/wp\/v2\/media?parent=1250253"}],"wp:term":[{"taxonomy":"category","embeddable":true,"href":"https:\/\/www.acapulcopress.com\/index.php\/wp-json\/wp\/v2\/categories?post=1250253"},{"taxonomy":"post_tag","embeddable":true,"href":"https:\/\/www.acapulcopress.com\/index.php\/wp-json\/wp\/v2\/tags?post=1250253"}],"curies":[{"name":"wp","href":"https:\/\/api.w.org\/{rel}","templated":true}]}}