{"id":1250260,"date":"2023-01-25T18:06:27","date_gmt":"2023-01-26T00:06:27","guid":{"rendered":"https:\/\/www.acapulcopress.com\/?p=1250260"},"modified":"2023-01-25T18:06:27","modified_gmt":"2023-01-26T00:06:27","slug":"con-amlo-el-peor-crecimiento-economico-de-mexico-banco-mundial","status":"publish","type":"post","link":"https:\/\/www.acapulcopress.com\/index.php\/2023\/01\/25\/con-amlo-el-peor-crecimiento-economico-de-mexico-banco-mundial\/","title":{"rendered":"Con AMLO, el peor crecimiento econ\u00f3mico de M\u00e9xico | Banco Mundial"},"content":{"rendered":"<p style=\"text-align: justify;\">CHILPACINGO * 25 de enero de 2023.<br \/>\n<em>) <a href=\"https:\/\/laotraopinion.com.mx\/con-amlo-mexico-es-la-economia-con-menor-crecimiento-en-latinoamerica-banco-mundial\/\" target=\"_blank\" rel=\"noopener\">La Otra Opini\u00f3n<\/a><\/em><\/p>\n<p style=\"text-align: justify;\">El Banco Mundial (BM) inform\u00f3 que con el presidente Andr\u00e9s Manuel L\u00f3pez Obrador (AMLO), M\u00e9xico es la econom\u00eda con menor crecimiento en Latinoam\u00e9rica; y adem\u00e1s de que este es un sexenio perdido en crecimiento del Producto Interno Bruto (PIB).<\/p>\n<p style=\"text-align: justify;\">De acuerdo a los datos y proyecciones del informe \u201cPerspectivas Econ\u00f3micas Globales\u201d del BM, el presidente que como candidato prometi\u00f3 un crecimiento econ\u00f3mico anual de 4 por ciento (%) se quedar\u00e1 lejos de esa meta; pues durante la 4T el pa\u00eds crecer\u00e1 menos de medio punto cada a\u00f1o, es decir, 0.38%.<\/p>\n<p style=\"text-align: justify;\">Asimismo, el BM se\u00f1ala que el sexenio del mandatario tabasque\u00f1o ser\u00e1 el de m\u00e1s bajo desempe\u00f1o econ\u00f3mico desde hace 36 a\u00f1os; cuando en medio de la crisis de la deuda del gobierno de Miguel de la Madrid dej\u00f3 un crecimiento del PIB de s\u00f3lo 0.33% anual promedio.<\/p>\n<p style=\"text-align: justify;\"><strong>Menor crecimiento en Latinoam\u00e9rica<\/strong><\/p>\n<p style=\"text-align: justify;\">En el mismo sentido, el Banco Mundial indic\u00f3 que la econom\u00eda de M\u00e9xico ser\u00e1 la de peor comportamiento en Latinoam\u00e9rica y no existe otro pa\u00eds con un crecimiento tan bajo en el mismo periodo; sin embargo, en su informe no se encuentra Venezuela \u201cpor falta de datos confiables\u201d.<\/p>\n<p style=\"text-align: justify;\">Tambi\u00e9n se\u00f1ala el informe del BM que los pa\u00edses de Am\u00e9rica Latina, al igual que del mundo, crecieron m\u00e1s que M\u00e9xico y ya lograron recuperar el PIB prepandemia. Cabe recordar que el Ejecutivo federal ha culpado a la pandemia de Covid-19 por los bajos resultado en econom\u00eda.<\/p>\n<p style=\"text-align: justify;\">Seg\u00fan los datos del informe y proyecciones, entre 2019 y 2024 la econom\u00eda de Brasil crecer\u00e1 3.8 veces m\u00e1s que la de M\u00e9xico; la econom\u00eda de Argentina, 3.3 veces m\u00e1s; y la de Guatemala 8.0 veces m\u00e1s.<\/p>\n<p style=\"text-align: justify;\">Incluso la econom\u00eda de Nicaragua acumular\u00e1 un crecimiento de 13.4%, lo que representa cinco veces que la mexicana, en el mismo periodo. Lo anterior pese a las sanciones por la represi\u00f3n y las medidas del presidente Daniel Ortega.<\/p>\n<p style=\"text-align: justify;\">El economista H\u00e9ctor N\u00e1jera Catal\u00e1n considera que hay dos factores para explicar el rezago econ\u00f3mico de M\u00e9xico durante el sexenio de AMLO.<\/p>\n<p style=\"text-align: justify;\"><strong>Ca\u00edda de inversi\u00f3n p\u00fablica y privada<\/strong><\/p>\n<p style=\"text-align: justify;\">La ca\u00edda de la inversi\u00f3n p\u00fablica y privada y la decisi\u00f3n del Ejecutivo federal de no implementar durante la pandemia pol\u00edticas de est\u00edmulo fiscal de mayor impacto.<\/p>\n<p style=\"text-align: justify;\">N\u00e1jera Catal\u00e1n indica que la diferencia entre M\u00e9xico y el resto de Latinoam\u00e9rica es que mientras los gobierno de la regi\u00f3n destinaron dinero para reactivar la econom\u00eda en 2022; el mandatario tabasque\u00f1o opt\u00f3 por una pol\u00edtica de contenci\u00f3n del gasto p\u00fablico.<\/p>\n<p style=\"text-align: justify;\">Cabe recordar que el Fondo Monetario Internacional (FMI) inform\u00f3 que M\u00e9xico fue el pa\u00eds de Latinoam\u00e9rica que menos recursos destin\u00f3 a las medidas de est\u00edmulo fiscal para reactivar la econom\u00eda, apoyar a las familias y a las empresas durante la pandemia.<\/p>\n<p><em>) S\u00edguenos en Facebook | @<a href=\"https:\/\/www.facebook.com\/acapulcopress.news\" target=\"_blank\" rel=\"noopener\">AcapulcoPress<\/a><\/em><\/p>\n<p style=\"text-align: justify;\">\n","protected":false},"excerpt":{"rendered":"<p>CHILPACINGO * 25 de enero de 2023. ) La Otra Opini\u00f3n El Banco Mundial (BM) inform\u00f3 que con el presidente Andr\u00e9s Manuel L\u00f3pez Obrador (AMLO), M\u00e9xico es la econom\u00eda con menor crecimiento en Latinoam\u00e9rica; y adem\u00e1s de que este es un sexenio perdido en crecimiento del Producto Interno Bruto (PIB). De acuerdo a los datos&#8230;<\/p>\n","protected":false},"author":2,"featured_media":1250263,"comment_status":"closed","ping_status":"closed","sticky":false,"template":"","format":"standard","meta":{"footnotes":""},"categories":[1969,1972,2020],"tags":[3896],"class_list":["post-1250260","post","type-post","status-publish","format-standard","has-post-thumbnail","hentry","category-trending","category-special","category-world-news","tag-andres-manuel-lopez-obrador"],"_links":{"self":[{"href":"https:\/\/www.acapulcopress.com\/index.php\/wp-json\/wp\/v2\/posts\/1250260","targetHints":{"allow":["GET"]}}],"collection":[{"href":"https:\/\/www.acapulcopress.com\/index.php\/wp-json\/wp\/v2\/posts"}],"about":[{"href":"https:\/\/www.acapulcopress.com\/index.php\/wp-json\/wp\/v2\/types\/post"}],"author":[{"embeddable":true,"href":"https:\/\/www.acapulcopress.com\/index.php\/wp-json\/wp\/v2\/users\/2"}],"replies":[{"embeddable":true,"href":"https:\/\/www.acapulcopress.com\/index.php\/wp-json\/wp\/v2\/comments?post=1250260"}],"version-history":[{"count":0,"href":"https:\/\/www.acapulcopress.com\/index.php\/wp-json\/wp\/v2\/posts\/1250260\/revisions"}],"wp:featuredmedia":[{"embeddable":true,"href":"https:\/\/www.acapulcopress.com\/index.php\/wp-json\/"}],"wp:attachment":[{"href":"https:\/\/www.acapulcopress.com\/index.php\/wp-json\/wp\/v2\/media?parent=1250260"}],"wp:term":[{"taxonomy":"category","embeddable":true,"href":"https:\/\/www.acapulcopress.com\/index.php\/wp-json\/wp\/v2\/categories?post=1250260"},{"taxonomy":"post_tag","embeddable":true,"href":"https:\/\/www.acapulcopress.com\/index.php\/wp-json\/wp\/v2\/tags?post=1250260"}],"curies":[{"name":"wp","href":"https:\/\/api.w.org\/{rel}","templated":true}]}}