{"id":1250265,"date":"2023-01-25T18:29:28","date_gmt":"2023-01-26T00:29:28","guid":{"rendered":"https:\/\/www.acapulcopress.com\/?p=1250265"},"modified":"2023-01-25T18:29:28","modified_gmt":"2023-01-26T00:29:28","slug":"yo-me-dedico-a-trabajar-no-a-andar-en-actos-anticipados-de-campana-ebrard","status":"publish","type":"post","link":"https:\/\/www.acapulcopress.com\/index.php\/2023\/01\/25\/yo-me-dedico-a-trabajar-no-a-andar-en-actos-anticipados-de-campana-ebrard\/","title":{"rendered":"\u201cYo me dedico a trabajar, no a andar en actos anticipados de campa\u00f1a\u00bb | Ebrard"},"content":{"rendered":"<p style=\"text-align: justify;\">CIUDAD DE M\u00c9XICO * 25 de enero de 2023.<br \/>\n<em>) <a href=\"https:\/\/www.proceso.com.mx\/nacional\/2023\/1\/25\/yo-me-dedico-trabajar-dijo-ebrard-sobre-quejas-por-presuntos-actos-anticipados-de-campana-300977.html\" target=\"_blank\" rel=\"noopener\">Apro<\/a><\/em><\/p>\n<p style=\"text-align: justify;\">\u201cNo s\u00e9 qu\u00e9 quieren sancionar, yo me dedico a trabajar\u201d, sostuvo el canciller Marcelo Ebrard Casaubon en respuesta a un cuestionamiento sobre las quejas presentadas en su contra ante el Instituto Nacional Electoral (INE) por presuntos actos anticipados de campa\u00f1a, en el marco de la pugna al interior de Morena para determinar qui\u00e9n de Ebrard, Claudia Sheinbaum Pardo o Ad\u00e1n Augusto L\u00f3pez Hern\u00e1ndez obtendr\u00e1 la candidatura del partido en las elecciones presidenciales de 2024.<\/p>\n<p style=\"text-align: justify;\">Ebrard ya tom\u00f3 protesta, de manera simb\u00f3lica, a 300 representantes distritales para organizar una estructura electoral en el pa\u00eds; al igual que las dem\u00e1s \u201ccorcholatas\u201d, viaja a menudo en el pa\u00eds para acciones de proselitismo disfrazadas de giras de trabajo, tiene una intensa presencia en redes sociales y recientemente han salido los \u00abmarcelitos\u00bb, mu\u00f1ecos que se parecen a \u00e9l imitando el modelo de los \u201camlitos\u201d de peluche.<\/p>\n<p style=\"text-align: justify;\">\u201cVoy a esperar a ver qu\u00e9 se resuelve\u201d, sostuvo el canciller en una rueda de prensa posterior a un evento oficial en la Secretar\u00eda de Relaciones Exteriores (SRE), en la cual asever\u00f3 que \u201chasta ahora vamos muy bien, no hemos tenido ninguna sanci\u00f3n, y pues yo estoy en mi trabajo\u201d.<\/p>\n<p style=\"text-align: justify;\">Preguntado si teme perder la candidatura, Ebrard revir\u00f3: \u201cnunca he tenido temor a nada, si no, no estar\u00eda aqu\u00ed\u201d.<\/p>\n<p style=\"text-align: justify;\"><em>) S\u00edguenos en Facebook | @<a href=\"https:\/\/www.facebook.com\/acapulcopress.news\" target=\"_blank\" rel=\"noopener\">AcapulcoPress<\/a><\/em><\/p>\n","protected":false},"excerpt":{"rendered":"<p>CIUDAD DE M\u00c9XICO * 25 de enero de 2023. ) Apro \u201cNo s\u00e9 qu\u00e9 quieren sancionar, yo me dedico a trabajar\u201d, sostuvo el canciller Marcelo Ebrard Casaubon en respuesta a un cuestionamiento sobre las quejas presentadas en su contra ante el Instituto Nacional Electoral (INE) por presuntos actos anticipados de campa\u00f1a, en el marco de&#8230;<\/p>\n","protected":false},"author":2,"featured_media":1250266,"comment_status":"closed","ping_status":"closed","sticky":false,"template":"","format":"standard","meta":{"footnotes":""},"categories":[1969,1972,18565],"tags":[3247,5853,10337,12448,16237],"class_list":["post-1250265","post","type-post","status-publish","format-standard","has-post-thumbnail","hentry","category-trending","category-special","category-politicos","tag-adan-augusto-lopez-hernandez","tag-claudia-sheinbaum-pardo","tag-instituto-nacional-electoral-ine","tag-marcelo-ebrard-casaubon","tag-secretaria-de-relaciones-exteriores-sre"],"_links":{"self":[{"href":"https:\/\/www.acapulcopress.com\/index.php\/wp-json\/wp\/v2\/posts\/1250265","targetHints":{"allow":["GET"]}}],"collection":[{"href":"https:\/\/www.acapulcopress.com\/index.php\/wp-json\/wp\/v2\/posts"}],"about":[{"href":"https:\/\/www.acapulcopress.com\/index.php\/wp-json\/wp\/v2\/types\/post"}],"author":[{"embeddable":true,"href":"https:\/\/www.acapulcopress.com\/index.php\/wp-json\/wp\/v2\/users\/2"}],"replies":[{"embeddable":true,"href":"https:\/\/www.acapulcopress.com\/index.php\/wp-json\/wp\/v2\/comments?post=1250265"}],"version-history":[{"count":0,"href":"https:\/\/www.acapulcopress.com\/index.php\/wp-json\/wp\/v2\/posts\/1250265\/revisions"}],"wp:featuredmedia":[{"embeddable":true,"href":"https:\/\/www.acapulcopress.com\/index.php\/wp-json\/"}],"wp:attachment":[{"href":"https:\/\/www.acapulcopress.com\/index.php\/wp-json\/wp\/v2\/media?parent=1250265"}],"wp:term":[{"taxonomy":"category","embeddable":true,"href":"https:\/\/www.acapulcopress.com\/index.php\/wp-json\/wp\/v2\/categories?post=1250265"},{"taxonomy":"post_tag","embeddable":true,"href":"https:\/\/www.acapulcopress.com\/index.php\/wp-json\/wp\/v2\/tags?post=1250265"}],"curies":[{"name":"wp","href":"https:\/\/api.w.org\/{rel}","templated":true}]}}