{"id":1250269,"date":"2023-01-25T18:49:18","date_gmt":"2023-01-26T00:49:18","guid":{"rendered":"https:\/\/www.acapulcopress.com\/?p=1250269"},"modified":"2023-01-25T18:49:18","modified_gmt":"2023-01-26T00:49:18","slug":"frenan-por-tiempo-indefinido-extradicion-de-ovidio-guzman-a-estados-unidos","status":"publish","type":"post","link":"https:\/\/www.acapulcopress.com\/index.php\/2023\/01\/25\/frenan-por-tiempo-indefinido-extradicion-de-ovidio-guzman-a-estados-unidos\/","title":{"rendered":"Frenan por tiempo indefinido extradici\u00f3n de Ovidio Guzm\u00e1n a Estados Unidos"},"content":{"rendered":"<p style=\"text-align: justify;\">CIUDAD DE M\u00c9XICO * 25 de enero de 2023.<br \/>\n<em>) <a href=\"https:\/\/www.proceso.com.mx\/nacional\/2023\/1\/25\/juez-frena-por-tiempo-indefinido-la-extradicion-de-ovidio-guzman-lopez-eu-300962.html\" target=\"_blank\" rel=\"noopener\">Apro<\/a><\/em><\/p>\n<p style=\"text-align: justify;\">El juez Quinto de Distrito en materias de Amparo y Juicios Federales en el Estado de M\u00e9xico concedi\u00f3 la suspensi\u00f3n definitiva a Ovidio Guzm\u00e1n L\u00f3pez, hijo de Joaqu\u00edn \u00abEl Chapo\u00bb Guzm\u00e1n Loera, exl\u00edder del C\u00e1rtel de Sinaloa, para que no sea extraditado, por lo menos, antes de que se dicte sentencia definitiva en el juicio de amparo.<\/p>\n<p style=\"text-align: justify;\">\u201cSe concede la suspensi\u00f3n definitiva para el efecto de que el directo quejoso Ovidio Guzm\u00e1n L\u00f3pez no sea extraditado y quede a disposici\u00f3n de este \u00f3rgano jurisdiccional de amparo, en lo que corresponde a su libertad personal, en el lugar en que se encuentra recluido y a disposici\u00f3n del juez responsable, sin perjuicio de que contin\u00fae el procedimiento de extradici\u00f3n que se le instruye; lo anterior, hasta en tanto se notifique la determinaci\u00f3n en que cause ejecutoria la determinaci\u00f3n que resuelva el cuaderno principal del que deriva esta incidencia. Sin que en el caso sea factible suspender la emisi\u00f3n de la opini\u00f3n jur\u00eddica dado que implicar\u00eda paralizar el procedimiento que es de orden p\u00fablico\u201d, se\u00f1al\u00f3 el juzgador.<\/p>\n<p style=\"text-align: justify;\">\u201cEn lo \u00fanico que se traduce la concesi\u00f3n de la suspensi\u00f3n es que se impida la extradici\u00f3n mientras se falla el amparo en lo principal\u201d.<\/p>\n<p style=\"text-align: justify;\">El juez fij\u00f3 para audiencia constitucional, en la que definir\u00e1 si concede o no el amparo a Ovidio Guzm\u00e1n, el pr\u00f3ximo 20 de febrero.<\/p>\n<p style=\"text-align: justify;\">En el proceso contra \u201cEl Rat\u00f3n\u201d, quien fue detenido el pasado 5 de enero, ya le fue notificado formalmente que el gobierno de Estados Unidos lo requiere para juzgarlo por conspiraci\u00f3n para traficar droga y se le decret\u00f3 la detenci\u00f3n provisional con fines de extradici\u00f3n, por lo que permanece recluido en el penal federal de Almoloya de Ju\u00e1rez, Estado de M\u00e9xico.<\/p>\n<p style=\"text-align: justify;\">El gobierno de EU cuenta con 60 d\u00edas naturales para pedir formalmente su extradici\u00f3n, mismos que vencen el pr\u00f3ximo 5 de marzo, y posteriormente, el juez de control del Estado de M\u00e9xico estar\u00e1 en posibilidad de emitir una opini\u00f3n jur\u00eddica en la que puede o no estar de acuerdo con su entrega.<\/p>\n<p style=\"text-align: justify;\">Esta opini\u00f3n no es vinculante pues la Secretar\u00eda de Relaciones Exteriores (SRE) es la que tiene la \u00faltima palabra.<\/p>\n<p style=\"text-align: justify;\"><em>) S\u00edguenos en Facebook | @<a href=\"https:\/\/www.facebook.com\/acapulcopress.news\" target=\"_blank\" rel=\"noopener\">AcapulcoPress<\/a><\/em><\/p>\n","protected":false},"excerpt":{"rendered":"<p>CIUDAD DE M\u00c9XICO * 25 de enero de 2023. ) Apro El juez Quinto de Distrito en materias de Amparo y Juicios Federales en el Estado de M\u00e9xico concedi\u00f3 la suspensi\u00f3n definitiva a Ovidio Guzm\u00e1n L\u00f3pez, hijo de Joaqu\u00edn \u00abEl Chapo\u00bb Guzm\u00e1n Loera, exl\u00edder del C\u00e1rtel de Sinaloa, para que no sea extraditado, por lo&#8230;<\/p>\n","protected":false},"author":2,"featured_media":1250270,"comment_status":"closed","ping_status":"closed","sticky":false,"template":"","format":"standard","meta":{"footnotes":""},"categories":[1969,1972,2020],"tags":[5304,10796,14103],"class_list":["post-1250269","post","type-post","status-publish","format-standard","has-post-thumbnail","hentry","category-trending","category-special","category-world-news","tag-cartel-de-sinaloa","tag-joaquin-el-chapo-guzman-loera","tag-ovidio-guzman-lopez"],"_links":{"self":[{"href":"https:\/\/www.acapulcopress.com\/index.php\/wp-json\/wp\/v2\/posts\/1250269","targetHints":{"allow":["GET"]}}],"collection":[{"href":"https:\/\/www.acapulcopress.com\/index.php\/wp-json\/wp\/v2\/posts"}],"about":[{"href":"https:\/\/www.acapulcopress.com\/index.php\/wp-json\/wp\/v2\/types\/post"}],"author":[{"embeddable":true,"href":"https:\/\/www.acapulcopress.com\/index.php\/wp-json\/wp\/v2\/users\/2"}],"replies":[{"embeddable":true,"href":"https:\/\/www.acapulcopress.com\/index.php\/wp-json\/wp\/v2\/comments?post=1250269"}],"version-history":[{"count":0,"href":"https:\/\/www.acapulcopress.com\/index.php\/wp-json\/wp\/v2\/posts\/1250269\/revisions"}],"wp:featuredmedia":[{"embeddable":true,"href":"https:\/\/www.acapulcopress.com\/index.php\/wp-json\/"}],"wp:attachment":[{"href":"https:\/\/www.acapulcopress.com\/index.php\/wp-json\/wp\/v2\/media?parent=1250269"}],"wp:term":[{"taxonomy":"category","embeddable":true,"href":"https:\/\/www.acapulcopress.com\/index.php\/wp-json\/wp\/v2\/categories?post=1250269"},{"taxonomy":"post_tag","embeddable":true,"href":"https:\/\/www.acapulcopress.com\/index.php\/wp-json\/wp\/v2\/tags?post=1250269"}],"curies":[{"name":"wp","href":"https:\/\/api.w.org\/{rel}","templated":true}]}}