{"id":1250312,"date":"2023-01-25T20:53:09","date_gmt":"2023-01-26T02:53:09","guid":{"rendered":"https:\/\/www.acapulcopress.com\/?p=1250312"},"modified":"2023-01-25T20:53:09","modified_gmt":"2023-01-26T02:53:09","slug":"gobernadora-salgado-inaugura-centro-regulador-de-urgencias-medicas-en-guerrero","status":"publish","type":"post","link":"https:\/\/www.acapulcopress.com\/index.php\/2023\/01\/25\/gobernadora-salgado-inaugura-centro-regulador-de-urgencias-medicas-en-guerrero\/","title":{"rendered":"Gobernadora Salgado inaugura Centro Regulador de Urgencias M\u00e9dicas en Guerrero"},"content":{"rendered":"<p style=\"text-align: justify;\">CHILPANCINGO * 25 de enero de 2023.<br \/>\n<em>) Gobierno de Guerrero<\/em><br \/>\nPara eficientar los recursos de la atenci\u00f3n de emergencia y asistencia en los servicios de <img loading=\"lazy\" decoding=\"async\" class=\"alignleft size-medium wp-image-1250313\" src=\"https:\/\/www.acapulcopress.com\/wp-content\/uploads\/2023\/01\/esp.inauguracion-375x250.jpg\" alt=\"\" width=\"375\" height=\"250\" \/>salud de la poblaci\u00f3n, la gobernadora Evelyn Salgado Pineda, inaugur\u00f3 el Centro Regulador de Urgencias M\u00e9dicas (CRUM) en Guerrero, con una inversi\u00f3n de casi 3 millones de pesos en equipo m\u00e9dico, radiocomunicaci\u00f3n, c\u00f3mputo y vestuario, a fin de contribuir a mejorar la calidad de atenci\u00f3n m\u00e9dica de las y los guerrerenses.<\/p>\n<p style=\"text-align: justify;\">En su mensaje, la mandataria estatal, destac\u00f3 que, como parte de la transformaci\u00f3n de los servicios de salud en Guerrero, las aeronaves que pertenecen al estado ya no est\u00e1n al servicio del gobernante o de su familia, est\u00e1n al servicio del pueblo y son utilizadas para los traslados de emergencia desde los puntos m\u00e1s remotos de la entidad, con el objetivo prioritario de salvar vidas.<\/p>\n<p style=\"text-align: justify;\"><img loading=\"lazy\" decoding=\"async\" class=\"alignleft size-medium wp-image-1250315\" src=\"https:\/\/www.acapulcopress.com\/wp-content\/uploads\/2023\/01\/esp.inauguracion3-375x214.jpg\" alt=\"\" width=\"375\" height=\"214\" \/>\u00abHoy todos los recursos del estado est\u00e1n al servicio del pueblo, de su salud, del bienestar y el desarrollo, por eso estamos felices de realizar esta inauguraci\u00f3n oficial de un espacio f\u00edsico donde se encuentra este centro que ya est\u00e1 operando y ha estado dando resultados a nuestro pueblo\u00bb, afirm\u00f3 la gobernadora.<\/p>\n<p style=\"text-align: justify;\">En este sentido, Evelyn Salgado, resalt\u00f3 la importancia de brindar una atenci\u00f3n digna y con calidez, siendo este un derecho humano y de apoyo solidario a la poblaci\u00f3n, como una pieza fundamental de la transformaci\u00f3n del sector salud, avanzando con m\u00e1s territorio y menos escritorio, por lo que, pidi\u00f3 seguir apoyando a todas las familias guerrerenses.<\/p>\n<p style=\"text-align: justify;\">\u00abSepan que tienen todo mi agradecimiento y reconocimiento y por supuesto que van a <img loading=\"lazy\" decoding=\"async\" class=\"alignleft size-medium wp-image-1250317\" src=\"https:\/\/www.acapulcopress.com\/wp-content\/uploads\/2023\/01\/esp.inauguracion5-375x250.jpg\" alt=\"\" width=\"375\" height=\"250\" \/>seguir contando con todo mi apoyo por la noble tarea que realizan todos los d\u00edas. Juntas y juntos vamos por el camino correcto trabajando de la mano por la transformaci\u00f3n de Guerrero\u00bb, sostuvo Evelyn Salgado.<\/p>\n<p style=\"text-align: justify;\">La gobernadora Evelyn Salgado, con el Director General del Centro Nacional de Programas Preventivos y Control de Enfermedades, Ruy L\u00f3pez Ridaura, en representaci\u00f3n de Hugo L\u00f3pez Gattel, subsecretario de Prevenci\u00f3n y Promoci\u00f3n de la Salud Federal y la Secretaria de Salud, Aid\u00e9 Ibarez Castro, acompa\u00f1ados por personal operativo cortaron el listo inaugural del Centro Regulador de Urgencias M\u00e9dicas ubicado en Chilpancingo.<\/p>\n<p style=\"text-align: justify;\">A trav\u00e9s del Centro Regulador de las Urgencias M\u00e9dicas (CRUM), se coordina la atenci\u00f3n prehospitalaria de las urgencias m\u00e9dicas que brindan las distintas instituciones p\u00fablicas, privadas y sociales, a efecto de hacer m\u00e1s eficiente y organizada la atenci\u00f3n prehospitalaria que se deben llevar a cabo ante situaciones de urgencias, contingencias y desastres.<\/p>\n<p style=\"text-align: justify;\">Uno de los trabajos del CRUM, es trasladar al paciente a la unidad m\u00e9dica que cuente con los requerimientos para su atenci\u00f3n v\u00eda terrestre, as\u00ed mismo, coordinar evacuaciones aerom\u00e9dicas de pacientes en estado cr\u00edtico y en casos de contingencia que requieran atenci\u00f3n en institutos especializados.<\/p>\n<p style=\"text-align: justify;\">El Centro Regulador de Urgencias M\u00e9dicas, da tr\u00e1mite a las solicitudes de apoyo para la prestaci\u00f3n de servicios de atenci\u00f3n m\u00e9dica a toda la poblaci\u00f3n en general, a trav\u00e9s de la Secretar\u00eda de Salud, que en su reporte anual destaca que en el a\u00f1o 2022 se realizaron 935 regulaciones m\u00e9dicas; 610 traslados, de los cuales 302 fueron realizados por el Sistema de Atenci\u00f3n M\u00e9dica de Urgencias.<\/p>\n<p style=\"text-align: justify;\">Tambi\u00e9n, a trav\u00e9s del CRUM Guerrero se pone en operaci\u00f3n Sistemas de Radiocomunicaci\u00f3n Satelital, siendo el primer CRUM en el pa\u00eds en implementar una red satelital y el segundo estado en el pa\u00eds en implementar la radiocomunicaci\u00f3n LTE que actualmente solo maneja la Ciudad de M\u00e9xico y se habilita el enlace con el Centro Estatal de Control, Comando, Comunicaciones y C\u00f3mputo (C4), siendo el primer estado en M\u00e9xico en coordinarse de esta manera para la medicalizaci\u00f3n de las llamadas de emergencia al 911.<\/p>\n<p style=\"text-align: justify;\">Asistieron el Coordinador General del Centro Regulador de Urgencias M\u00e9dicas, Pablo Iv\u00e1n Santana Alva; el director de Epidemiol\u00f3gica, Gabriel Garc\u00eda Rodr\u00edguez; el secretario del Consejo de Salubridad General, Marcos Cantero Cort\u00e9s, entre otros funcionarios estatales y federales y personal administrativo y operativo\u00a0param\u00e9dico.<\/p>\n<p style=\"text-align: justify;\"><em>) S\u00edguenos en Facebook | @<a href=\"https:\/\/www.facebook.com\/acapulcopress.news\" target=\"_blank\" rel=\"noopener\">AcapulcoPress<\/a><\/em><\/p>\n","protected":false},"excerpt":{"rendered":"<p>CHILPANCINGO * 25 de enero de 2023. ) Gobierno de Guerrero Para eficientar los recursos de la atenci\u00f3n de emergencia y asistencia en los servicios de salud de la poblaci\u00f3n, la gobernadora Evelyn Salgado Pineda, inaugur\u00f3 el Centro Regulador de Urgencias M\u00e9dicas (CRUM) en Guerrero, con una inversi\u00f3n de casi 3 millones de pesos en&#8230;<\/p>\n","protected":false},"author":2,"featured_media":1250314,"comment_status":"closed","ping_status":"closed","sticky":false,"template":"","format":"standard","meta":{"footnotes":""},"categories":[1983,18561],"tags":[5581,8251,9302],"class_list":["post-1250312","post","type-post","status-publish","format-standard","has-post-thumbnail","hentry","category-guerrerogob","category-society-politics","tag-centro-regulador-de-las-urgencias-medicas-crum","tag-evelyn-salgado-pineda","tag-gobierno-de-guerrero"],"_links":{"self":[{"href":"https:\/\/www.acapulcopress.com\/index.php\/wp-json\/wp\/v2\/posts\/1250312","targetHints":{"allow":["GET"]}}],"collection":[{"href":"https:\/\/www.acapulcopress.com\/index.php\/wp-json\/wp\/v2\/posts"}],"about":[{"href":"https:\/\/www.acapulcopress.com\/index.php\/wp-json\/wp\/v2\/types\/post"}],"author":[{"embeddable":true,"href":"https:\/\/www.acapulcopress.com\/index.php\/wp-json\/wp\/v2\/users\/2"}],"replies":[{"embeddable":true,"href":"https:\/\/www.acapulcopress.com\/index.php\/wp-json\/wp\/v2\/comments?post=1250312"}],"version-history":[{"count":0,"href":"https:\/\/www.acapulcopress.com\/index.php\/wp-json\/wp\/v2\/posts\/1250312\/revisions"}],"wp:featuredmedia":[{"embeddable":true,"href":"https:\/\/www.acapulcopress.com\/index.php\/wp-json\/"}],"wp:attachment":[{"href":"https:\/\/www.acapulcopress.com\/index.php\/wp-json\/wp\/v2\/media?parent=1250312"}],"wp:term":[{"taxonomy":"category","embeddable":true,"href":"https:\/\/www.acapulcopress.com\/index.php\/wp-json\/wp\/v2\/categories?post=1250312"},{"taxonomy":"post_tag","embeddable":true,"href":"https:\/\/www.acapulcopress.com\/index.php\/wp-json\/wp\/v2\/tags?post=1250312"}],"curies":[{"name":"wp","href":"https:\/\/api.w.org\/{rel}","templated":true}]}}