{"id":1250385,"date":"2023-01-26T20:26:45","date_gmt":"2023-01-27T02:26:45","guid":{"rendered":"https:\/\/www.acapulcopress.com\/?p=1250385"},"modified":"2023-01-26T20:26:45","modified_gmt":"2023-01-27T02:26:45","slug":"gobernadora-evaluo-desde-novena-region-incidencia-delictiva-en-guerrero","status":"publish","type":"post","link":"https:\/\/www.acapulcopress.com\/index.php\/2023\/01\/26\/gobernadora-evaluo-desde-novena-region-incidencia-delictiva-en-guerrero\/","title":{"rendered":"Gobernadora evalu\u00f3 desde Novena Regi\u00f3n incidencia delictiva en Guerrero"},"content":{"rendered":"<p style=\"text-align: justify;\">ACAPULCO * 26 de enero de 2023.<br \/>\n<em>) Gobierno de Guerrero<\/em><\/p>\n<p>La gobernadora Evelyn Salgado Pineda, sesion\u00f3 en las instalaciones de la Novena Regi\u00f3n Militar en Acapulco con autoridades civiles y de las Fuerzas Armadas que integran la Mesa Estatal para la Construcci\u00f3n de la Paz, para evaluar la incidencia delictiva registrada en las \u00faltimas horas en la entidad, adem\u00e1s de reiterar el compromiso para reforzar las acciones de pacificaci\u00f3n; procurando una perfecta coordinaci\u00f3n que abone al orden social en\u00a0nuestro\u00a0estado.<\/p>\n<p><img loading=\"lazy\" decoding=\"async\" class=\"alignnone wp-image-1250387\" src=\"https:\/\/www.acapulcopress.com\/wp-content\/uploads\/2023\/01\/esp.sedena-375x250.jpg\" alt=\"\" width=\"696\" height=\"465\" \/><\/p>\n","protected":false},"excerpt":{"rendered":"<p>ACAPULCO * 26 de enero de 2023. ) Gobierno de Guerrero La gobernadora Evelyn Salgado Pineda, sesion\u00f3 en las instalaciones de la Novena Regi\u00f3n Militar en Acapulco con autoridades civiles y de las Fuerzas Armadas que integran la Mesa Estatal para la Construcci\u00f3n de la Paz, para evaluar la incidencia delictiva registrada en las \u00faltimas&#8230;<\/p>\n","protected":false},"author":2,"featured_media":1250388,"comment_status":"closed","ping_status":"closed","sticky":false,"template":"","format":"standard","meta":{"footnotes":""},"categories":[1969,2005],"tags":[8251,8992,12975,16351],"class_list":["post-1250385","post","type-post","status-publish","format-standard","has-post-thumbnail","hentry","category-trending","category-seguridad-y-justicia","tag-evelyn-salgado-pineda","tag-fuerzas-armadas-de-mexico","tag-mesa-estatal-para-la-construccion-de-la-paz","tag-sedena"],"_links":{"self":[{"href":"https:\/\/www.acapulcopress.com\/index.php\/wp-json\/wp\/v2\/posts\/1250385","targetHints":{"allow":["GET"]}}],"collection":[{"href":"https:\/\/www.acapulcopress.com\/index.php\/wp-json\/wp\/v2\/posts"}],"about":[{"href":"https:\/\/www.acapulcopress.com\/index.php\/wp-json\/wp\/v2\/types\/post"}],"author":[{"embeddable":true,"href":"https:\/\/www.acapulcopress.com\/index.php\/wp-json\/wp\/v2\/users\/2"}],"replies":[{"embeddable":true,"href":"https:\/\/www.acapulcopress.com\/index.php\/wp-json\/wp\/v2\/comments?post=1250385"}],"version-history":[{"count":0,"href":"https:\/\/www.acapulcopress.com\/index.php\/wp-json\/wp\/v2\/posts\/1250385\/revisions"}],"wp:featuredmedia":[{"embeddable":true,"href":"https:\/\/www.acapulcopress.com\/index.php\/wp-json\/"}],"wp:attachment":[{"href":"https:\/\/www.acapulcopress.com\/index.php\/wp-json\/wp\/v2\/media?parent=1250385"}],"wp:term":[{"taxonomy":"category","embeddable":true,"href":"https:\/\/www.acapulcopress.com\/index.php\/wp-json\/wp\/v2\/categories?post=1250385"},{"taxonomy":"post_tag","embeddable":true,"href":"https:\/\/www.acapulcopress.com\/index.php\/wp-json\/wp\/v2\/tags?post=1250385"}],"curies":[{"name":"wp","href":"https:\/\/api.w.org\/{rel}","templated":true}]}}