{"id":1250391,"date":"2023-01-26T20:38:25","date_gmt":"2023-01-27T02:38:25","guid":{"rendered":"https:\/\/www.acapulcopress.com\/?p=1250391"},"modified":"2023-01-26T20:38:25","modified_gmt":"2023-01-27T02:38:25","slug":"evelyn-salgado-analiza-con-director-de-imss-infraestructura-medica-en-guerrero","status":"publish","type":"post","link":"https:\/\/www.acapulcopress.com\/index.php\/2023\/01\/26\/evelyn-salgado-analiza-con-director-de-imss-infraestructura-medica-en-guerrero\/","title":{"rendered":"Evelyn Salgado analiza con director de IMSS infraestructura m\u00e9dica en Guerrero"},"content":{"rendered":"<p>CHILPANCINGO * 26 de enero de 2023.<br \/>\n<em>) Gobierno de Guerrero<\/em><\/p>\n<p style=\"text-align: justify;\">En su gira de trabajo por la capital del pa\u00eds donde sostuvo diversas reuniones de beneficio para Guerrero, la gobernadora Evelyn Salgado Pineda, dialog\u00f3 con el director general del IMSS, Zo\u00e9 Robledo Aburto, sobre los avances en materia de infraestructura m\u00e9dica que realiza IMSS Bienestar en la entidad, entre otros temas que mejorar\u00e1n la atenci\u00f3n a la salud y que garantizan servicios de calidad al pueblo de Guerrero.<\/p>\n<p><em>) S\u00edguenos en Facebook | @<a href=\"https:\/\/www.facebook.com\/acapulcopress.news\" target=\"_blank\" rel=\"noopener\">AcapulcoPress<\/a><\/em><\/p>\n","protected":false},"excerpt":{"rendered":"<p>CHILPANCINGO * 26 de enero de 2023. ) Gobierno de Guerrero En su gira de trabajo por la capital del pa\u00eds donde sostuvo diversas reuniones de beneficio para Guerrero, la gobernadora Evelyn Salgado Pineda, dialog\u00f3 con el director general del IMSS, Zo\u00e9 Robledo Aburto, sobre los avances en materia de infraestructura m\u00e9dica que realiza IMSS&#8230;<\/p>\n","protected":false},"author":2,"featured_media":1250392,"comment_status":"closed","ping_status":"closed","sticky":false,"template":"","format":"standard","meta":{"footnotes":""},"categories":[1983,18561],"tags":[8251,9302,10087,18327],"class_list":["post-1250391","post","type-post","status-publish","format-standard","has-post-thumbnail","hentry","category-guerrerogob","category-society-politics","tag-evelyn-salgado-pineda","tag-gobierno-de-guerrero","tag-imss","tag-zoe-robledo-aburto"],"_links":{"self":[{"href":"https:\/\/www.acapulcopress.com\/index.php\/wp-json\/wp\/v2\/posts\/1250391","targetHints":{"allow":["GET"]}}],"collection":[{"href":"https:\/\/www.acapulcopress.com\/index.php\/wp-json\/wp\/v2\/posts"}],"about":[{"href":"https:\/\/www.acapulcopress.com\/index.php\/wp-json\/wp\/v2\/types\/post"}],"author":[{"embeddable":true,"href":"https:\/\/www.acapulcopress.com\/index.php\/wp-json\/wp\/v2\/users\/2"}],"replies":[{"embeddable":true,"href":"https:\/\/www.acapulcopress.com\/index.php\/wp-json\/wp\/v2\/comments?post=1250391"}],"version-history":[{"count":0,"href":"https:\/\/www.acapulcopress.com\/index.php\/wp-json\/wp\/v2\/posts\/1250391\/revisions"}],"wp:featuredmedia":[{"embeddable":true,"href":"https:\/\/www.acapulcopress.com\/index.php\/wp-json\/"}],"wp:attachment":[{"href":"https:\/\/www.acapulcopress.com\/index.php\/wp-json\/wp\/v2\/media?parent=1250391"}],"wp:term":[{"taxonomy":"category","embeddable":true,"href":"https:\/\/www.acapulcopress.com\/index.php\/wp-json\/wp\/v2\/categories?post=1250391"},{"taxonomy":"post_tag","embeddable":true,"href":"https:\/\/www.acapulcopress.com\/index.php\/wp-json\/wp\/v2\/tags?post=1250391"}],"curies":[{"name":"wp","href":"https:\/\/api.w.org\/{rel}","templated":true}]}}