{"id":1250396,"date":"2023-01-30T19:12:48","date_gmt":"2023-01-31T01:12:48","guid":{"rendered":"https:\/\/www.acapulcopress.com\/?p=1250396"},"modified":"2023-01-30T19:12:48","modified_gmt":"2023-01-31T01:12:48","slug":"combate-frontal-a-la-corrupcion-mas-fuerte-que-nunca-evelyn-salgado","status":"publish","type":"post","link":"https:\/\/www.acapulcopress.com\/index.php\/2023\/01\/30\/combate-frontal-a-la-corrupcion-mas-fuerte-que-nunca-evelyn-salgado\/","title":{"rendered":"Combate frontal a la corrupci\u00f3n, m\u00e1s fuerte que nunca | Evelyn Salgado"},"content":{"rendered":"<p style=\"text-align: justify;\">CHILPANCINGO * 30 de enero de 2023.<br \/>\n<em>) Gobierno de Guerrero<\/em><br \/>\n<img loading=\"lazy\" decoding=\"async\" class=\"alignleft size-medium wp-image-1250410\" src=\"https:\/\/www.acapulcopress.com\/wp-content\/uploads\/2023\/01\/marcas.gro13-375x262.jpg\" alt=\"\" width=\"375\" height=\"262\" \/>\u00abEn Guerrero, el combate frontal a la corrupci\u00f3n hoy est\u00e1 m\u00e1s fuerte que nunca; la ley se aplica para todos por igual, sin distinci\u00f3n\u00bb, afirm\u00f3 la gobernadora Evelyn Salgado Pineda, al inaugurar la Semana Jur\u00eddica 2023 en el marco del 106 Aniversario de la Promulgaci\u00f3n de la Constituci\u00f3n Pol\u00edtica de los Estados Unidos Mexicanos, que tiene el prop\u00f3sito de hacer un estado m\u00e1s justo con el Estado de Derecho al servicio del bienestar.<\/p>\n<p style=\"text-align: justify;\">\u00abJuntas y juntos estamos transformando Guerrero, nuestro estado tiene autoridades con un alto compromiso, con toda la convicci\u00f3n y entre todos podemos consolidar a Guerrero en el camino de la paz, en el camino de la ley y la justicia con bienestar para todo nuestro pueblo\u00bb, se\u00f1al\u00f3 Evelyn Salgado.<\/p>\n<p style=\"text-align: justify;\"><img loading=\"lazy\" decoding=\"async\" class=\"alignleft size-medium wp-image-1250409\" src=\"https:\/\/www.acapulcopress.com\/wp-content\/uploads\/2023\/01\/marcas.gro12-375x250.jpg\" alt=\"\" width=\"375\" height=\"250\" \/>En su mensaje, la mandataria estatal, dijo que el Derecho no debe verse como una herramienta de control, sino como una herramienta de transformaci\u00f3n social, de apoyo y ayuda al pr\u00f3jimo, sin impunidad, sin corrupci\u00f3n y sin influyentismo, en este sentido, dijo, seguir\u00e1 avanzando y trabajando de la mano de todas y todos.<\/p>\n<p style=\"text-align: justify;\">La gobernadora, celebr\u00f3 que se realice una nueva edici\u00f3n de la Semana Jur\u00eddica en el estado, donde se dan cita los profesionales del derecho de la entidad en un ejercicio que fortalece y honra el enorme legado que tiene Guerrero en materia jur\u00eddica desde una perspectiva hist\u00f3rica sin olvidar que fue en la capital donde se instal\u00f3 el Primer Congreso de An\u00e1huac el 13 de septiembre de 1813, adem\u00e1s de destacar el legado de la generaci\u00f3n <img loading=\"lazy\" decoding=\"async\" class=\"alignleft size-medium wp-image-1250406\" src=\"https:\/\/www.acapulcopress.com\/wp-content\/uploads\/2023\/01\/marcas.gro9_-375x250.jpg\" alt=\"\" width=\"375\" height=\"250\" \/>de abogados destacados como Alberto V\u00e1zquez del Mercado y Teofilo Olea y Leyva.<\/p>\n<p style=\"text-align: justify;\">Este a\u00f1o, la Semana Jur\u00eddica en Guerrero se llevar\u00e1 acabo del lunes 30 de enero al viernes 03 de febrero, en la que se registraron 127 actividades con la participaci\u00f3n de 121 ponentes de 36 dependencias y organismos, quienes impartir\u00e1n: Conferencias, distribuci\u00f3n de diversos instrumentos informativos, asesor\u00edas jur\u00eddicas, cursos de capacitaci\u00f3n, as\u00ed como campa\u00f1as de difusi\u00f3n, abordando temas como: Justicia laboral, inclusi\u00f3n social, justicia clim\u00e1tica, mediaci\u00f3n y soluci\u00f3n de conflictos, considerando los ejes transversales de la equidad de g\u00e9nero y el combate a la corrupci\u00f3n, entre otros.<\/p>\n<p style=\"text-align: justify;\">Por su parte, el secretario general de Gobierno, Ludwig Marcial Reynoso N\u00fa\u00f1ez, refiri\u00f3 que <img loading=\"lazy\" decoding=\"async\" class=\"alignleft size-medium wp-image-1250400\" src=\"https:\/\/www.acapulcopress.com\/wp-content\/uploads\/2023\/01\/marcas.gro3_-375x250.jpg\" alt=\"\" width=\"375\" height=\"250\" \/>para el Gobierno del Estado de Guerrero que encabeza Evelyn Salgado Pineda, es premisa fundamental e indiscutible el fomentar el respeto al Estado de Derecho y a los Derechos Humanos, y en consecuencia, el actuar de esta administraci\u00f3n se gu\u00eda bajo ese principio, con una agenda de trabajo sin descanso para lograr la paz social y la seguridad de los guerrerenses, el combate a la pobreza y la eliminaci\u00f3n de las desigualdades.<\/p>\n<p style=\"text-align: justify;\">La gobernadora Evelyn Salgado, inaugur\u00f3 la Semana Jur\u00eddica 2023 en el Auditorio Jos\u00e9 Joaqu\u00edn de Herrera, acompa\u00f1ada por el Presidente del Tribunal Superior de Justicia, Raymundo Casarrubias V\u00e1zquez; la Presidenta de la Mesa Directiva del Congreso del Estado, Yanelli Hern\u00e1ndez Mart\u00ednez; la Alcaldesa de Chilpancingo, Norma Otilia Hern\u00e1ndez <img loading=\"lazy\" decoding=\"async\" class=\"alignleft size-medium wp-image-1250403\" src=\"https:\/\/www.acapulcopress.com\/wp-content\/uploads\/2023\/01\/marcas.gro6_-375x227.jpg\" alt=\"\" width=\"375\" height=\"227\" \/>Mart\u00ednez; la Presidenta del Sistema DIF Guerrero, Liz Salgado Pineda, as\u00ed como mandos militares navales y civiles, en el pre\u00e1mbulo del 106 Aniversario de la Promulgaci\u00f3n de la Constituci\u00f3n Pol\u00edtica de los Estados Unidos\u00a0Mexicanos.<\/p>\n<p style=\"text-align: justify;\"><em>) S\u00edguenos en Facebook | @<a href=\"https:\/\/www.facebook.com\/acapulcopress.news\" target=\"_blank\" rel=\"noopener\">AcapulcoPress<\/a><\/em><\/p>\n","protected":false},"excerpt":{"rendered":"<p>CHILPANCINGO * 30 de enero de 2023. ) Gobierno de Guerrero \u00abEn Guerrero, el combate frontal a la corrupci\u00f3n hoy est\u00e1 m\u00e1s fuerte que nunca; la ley se aplica para todos por igual, sin distinci\u00f3n\u00bb, afirm\u00f3 la gobernadora Evelyn Salgado Pineda, al inaugurar la Semana Jur\u00eddica 2023 en el marco del 106 Aniversario de la&#8230;<\/p>\n","protected":false},"author":2,"featured_media":1250399,"comment_status":"closed","ping_status":"closed","sticky":false,"template":"","format":"standard","meta":{"footnotes":""},"categories":[1972,1983,18561],"tags":[8251,9302,13744],"class_list":["post-1250396","post","type-post","status-publish","format-standard","has-post-thumbnail","hentry","category-special","category-guerrerogob","category-society-politics","tag-evelyn-salgado-pineda","tag-gobierno-de-guerrero","tag-norma-otilia-hernandez-martinez"],"_links":{"self":[{"href":"https:\/\/www.acapulcopress.com\/index.php\/wp-json\/wp\/v2\/posts\/1250396","targetHints":{"allow":["GET"]}}],"collection":[{"href":"https:\/\/www.acapulcopress.com\/index.php\/wp-json\/wp\/v2\/posts"}],"about":[{"href":"https:\/\/www.acapulcopress.com\/index.php\/wp-json\/wp\/v2\/types\/post"}],"author":[{"embeddable":true,"href":"https:\/\/www.acapulcopress.com\/index.php\/wp-json\/wp\/v2\/users\/2"}],"replies":[{"embeddable":true,"href":"https:\/\/www.acapulcopress.com\/index.php\/wp-json\/wp\/v2\/comments?post=1250396"}],"version-history":[{"count":0,"href":"https:\/\/www.acapulcopress.com\/index.php\/wp-json\/wp\/v2\/posts\/1250396\/revisions"}],"wp:featuredmedia":[{"embeddable":true,"href":"https:\/\/www.acapulcopress.com\/index.php\/wp-json\/"}],"wp:attachment":[{"href":"https:\/\/www.acapulcopress.com\/index.php\/wp-json\/wp\/v2\/media?parent=1250396"}],"wp:term":[{"taxonomy":"category","embeddable":true,"href":"https:\/\/www.acapulcopress.com\/index.php\/wp-json\/wp\/v2\/categories?post=1250396"},{"taxonomy":"post_tag","embeddable":true,"href":"https:\/\/www.acapulcopress.com\/index.php\/wp-json\/wp\/v2\/tags?post=1250396"}],"curies":[{"name":"wp","href":"https:\/\/api.w.org\/{rel}","templated":true}]}}