{"id":1250412,"date":"2023-01-30T19:42:17","date_gmt":"2023-01-31T01:42:17","guid":{"rendered":"https:\/\/www.acapulcopress.com\/?p=1250412"},"modified":"2023-01-30T19:42:17","modified_gmt":"2023-01-31T01:42:17","slug":"entrego-seg-143-plazas-y-170-horas-por-meritos-y-en-proceso-transparente","status":"publish","type":"post","link":"https:\/\/www.acapulcopress.com\/index.php\/2023\/01\/30\/entrego-seg-143-plazas-y-170-horas-por-meritos-y-en-proceso-transparente\/","title":{"rendered":"Entreg\u00f3 SEG 143 plazas y 170 horas por m\u00e9ritos y en proceso transparente"},"content":{"rendered":"<p style=\"text-align: justify;\">CHILPANCINGO * 30 de enero de 2023.<br \/>\n<em>) SEG<br \/>\n<\/em>La gobernadora Evelyn Salgado Pineda ratific\u00f3 su apoyo a la educaci\u00f3n en la entidad mediante la entrega de 143 plazas a docentes y 170 horas, que benefician a 152 maestras <img loading=\"lazy\" decoding=\"async\" class=\"alignleft size-medium wp-image-1250413\" src=\"https:\/\/www.acapulcopress.com\/wp-content\/uploads\/2023\/01\/marcialrs.2-375x230.jpg\" alt=\"\" width=\"375\" height=\"230\" \/>y maestros, las cuales fueron asignadas en un evento por sesi\u00f3n virtual encabezado por el secretario de Educaci\u00f3n en Guerrero, Marcial Rodr\u00edguez Salda\u00f1a.<\/p>\n<p style=\"text-align: justify;\">El responsable de la educaci\u00f3n en el Estado transmiti\u00f3 de parte de la gobernadora Evelyn Salgado la felicitaci\u00f3n y reconocimiento a las y los nuevos docentes quienes se ganaron su plaza por sus propios m\u00e9ritos, despu\u00e9s de un proceso de di\u00e1logo respetuoso, de participar en la convocatoria para realizar su examen y respetar el orden de prelaci\u00f3n de manera transparente.<\/p>\n<p style=\"text-align: justify;\">Rodr\u00edguez Salda\u00f1a manifest\u00f3 que en este ciclo escolar se han entregado en tres etapas 721 plazas y que todav\u00eda hasta el mes de mayo se entregar\u00e1n las restantes.<\/p>\n<p>Los docentes ser\u00e1n enviados a las escuelas que han estado cerradas, a las zonas ind\u00edgenas, rurales y donde haya m\u00e1s necesidades.<\/p>\n<p>En el ciclo escolar siguiente se continuar\u00e1 con el mismo procedimiento, en el cual han participado representantes de la Comisi\u00f3n Estatal de Defensa de los Derechos Humanos y del Sistema Estatal Anticorrupci\u00f3n.<\/p>\n<p>Estuvieron en el evento el secretario general de la Secci\u00f3n 14 del SNTE, Silvano Palacios Salgado; los Subsecretarios de Planeaci\u00f3n Educativa, Benjamin Adame Pereyra; de Educaci\u00f3n B\u00e1sica, Ricardo Castillo Pe\u00f1a; de Administraci\u00f3n y Finanzas, Alejandro Moreno Lira; la secretaria t\u00e9cnica, Luisa Ayala Mondragon; la directora general de la Unidad Estatal del Sistema para la Carrera de los Maestros y las Maestras (Uesicamm), Lucila Rangel Santos; el director de la Unidad de Asuntos Jur\u00eddicos, Roberto Cuevas Bahena; la contralora interna, Maricela Mendez Guevara, y directores generales y parte de la estructura de la SEG.<\/p>\n<p><em>) S\u00edguenos en Facebook | @<a href=\"https:\/\/www.facebook.com\/acapulcopress.news\" target=\"_blank\" rel=\"noopener\">AcapulcoPress<\/a><\/em><\/p>\n","protected":false},"excerpt":{"rendered":"<p>CHILPANCINGO * 30 de enero de 2023. ) SEG La gobernadora Evelyn Salgado Pineda ratific\u00f3 su apoyo a la educaci\u00f3n en la entidad mediante la entrega de 143 plazas a docentes y 170 horas, que benefician a 152 maestras y maestros, las cuales fueron asignadas en un evento por sesi\u00f3n virtual encabezado por el secretario&#8230;<\/p>\n","protected":false},"author":2,"featured_media":1250414,"comment_status":"closed","ping_status":"closed","sticky":false,"template":"","format":"standard","meta":{"footnotes":""},"categories":[18561,2081],"tags":[8251,12457,16362],"class_list":["post-1250412","post","type-post","status-publish","format-standard","has-post-thumbnail","hentry","category-society-politics","category-seg","tag-evelyn-salgado-pineda","tag-marcial-rodriguez-saldana","tag-seg"],"_links":{"self":[{"href":"https:\/\/www.acapulcopress.com\/index.php\/wp-json\/wp\/v2\/posts\/1250412","targetHints":{"allow":["GET"]}}],"collection":[{"href":"https:\/\/www.acapulcopress.com\/index.php\/wp-json\/wp\/v2\/posts"}],"about":[{"href":"https:\/\/www.acapulcopress.com\/index.php\/wp-json\/wp\/v2\/types\/post"}],"author":[{"embeddable":true,"href":"https:\/\/www.acapulcopress.com\/index.php\/wp-json\/wp\/v2\/users\/2"}],"replies":[{"embeddable":true,"href":"https:\/\/www.acapulcopress.com\/index.php\/wp-json\/wp\/v2\/comments?post=1250412"}],"version-history":[{"count":0,"href":"https:\/\/www.acapulcopress.com\/index.php\/wp-json\/wp\/v2\/posts\/1250412\/revisions"}],"wp:featuredmedia":[{"embeddable":true,"href":"https:\/\/www.acapulcopress.com\/index.php\/wp-json\/"}],"wp:attachment":[{"href":"https:\/\/www.acapulcopress.com\/index.php\/wp-json\/wp\/v2\/media?parent=1250412"}],"wp:term":[{"taxonomy":"category","embeddable":true,"href":"https:\/\/www.acapulcopress.com\/index.php\/wp-json\/wp\/v2\/categories?post=1250412"},{"taxonomy":"post_tag","embeddable":true,"href":"https:\/\/www.acapulcopress.com\/index.php\/wp-json\/wp\/v2\/tags?post=1250412"}],"curies":[{"name":"wp","href":"https:\/\/api.w.org\/{rel}","templated":true}]}}