{"id":1250416,"date":"2023-01-30T19:56:58","date_gmt":"2023-01-31T01:56:58","guid":{"rendered":"https:\/\/www.acapulcopress.com\/?p=1250416"},"modified":"2023-01-30T19:56:58","modified_gmt":"2023-01-31T01:56:58","slug":"pide-gobernadora-a-corporaciones-no-bajar-la-guardia-en-el-combate-a-la-violencia","status":"publish","type":"post","link":"https:\/\/www.acapulcopress.com\/index.php\/2023\/01\/30\/pide-gobernadora-a-corporaciones-no-bajar-la-guardia-en-el-combate-a-la-violencia\/","title":{"rendered":"Pide Gobernadora a corporaciones no bajar la guardia en el combate a la violencia"},"content":{"rendered":"<p style=\"text-align: justify;\">CHILPANCINGO * 30 de enero de 2023.<br \/>\n<em>) Coordinaci\u00f3n para la Construcci\u00f3n de la Paz<\/em><br \/>\nEl gobierno de Guerrero reconoce el valor patri\u00f3tico de los elementos de las fuerzas de seguridad, para proteger a los habitantes de esta entidad y combatir a los grupos que <img loading=\"lazy\" decoding=\"async\" class=\"alignleft size-medium wp-image-1250417\" src=\"https:\/\/www.acapulcopress.com\/wp-content\/uploads\/2023\/01\/pazgro-375x250.jpg\" alt=\"\" width=\"375\" height=\"250\" \/>generan violencia, asegur\u00f3 la mandataria estatal Evelyn Salgado Pineda al presidir la mesa de Coordinaci\u00f3n para la Construcci\u00f3n de la Paz.<\/p>\n<p style=\"text-align: justify;\">En la sesi\u00f3n diaria que se realiz\u00f3 en las oficinas de <em>Casa Guerrero,<\/em> Salgado Pineda dijo que cada cierre de mes, se realiza este an\u00e1lisis de la estrategia y los resultados de las acciones realizadas; por lo anterior, hizo un reconocimiento p\u00fablico a todos los integrantes de las corporaciones que integran la mesa y los llam\u00f3 a redoblar esfuerzos para continuar dando resultados positivos.<\/p>\n<p style=\"text-align: justify;\">Entre los logros de este fin de semana, se encuentra la detenci\u00f3n de 15 personas involucradas en delitos del fuero com\u00fan y federal, as\u00ed como la recuperaci\u00f3n de 29 veh\u00edculos que contaban con reporte de robo o estaban involucrados en la comisi\u00f3n de alg\u00fan delito; tambi\u00e9n se decomisaron armas y drogas en los diversos operativos desplegados en todas las regiones del estado.<\/p>\n<p style=\"text-align: justify;\">Sobre la atenci\u00f3n a la sociedad, se impartieron pl\u00e1ticas de prevenci\u00f3n del delito y del uso adecuado de los n\u00fameros de emergencia, as\u00ed como asesor\u00eda y orientaci\u00f3n jur\u00eddica y psicol\u00f3gica; sobre la l alerta violeta que inici\u00f3 operaciones el pasado 18 de julio, se han atendido 173 alertas a trav\u00e9s de las cuales se han localizado a 177 mujeres y quedan a\u00fan pendientes por localizar a\u00a0once\u00a0de\u00a0estas.<\/p>\n<p style=\"text-align: justify;\"><em>) S\u00edguenos en Facebook | @<a href=\"https:\/\/www.facebook.com\/acapulcopress.news\" target=\"_blank\" rel=\"noopener\">AcapulcoPress<\/a><\/em><\/p>\n","protected":false},"excerpt":{"rendered":"<p>CHILPANCINGO * 30 de enero de 2023. ) Coordinaci\u00f3n para la Construcci\u00f3n de la Paz El gobierno de Guerrero reconoce el valor patri\u00f3tico de los elementos de las fuerzas de seguridad, para proteger a los habitantes de esta entidad y combatir a los grupos que generan violencia, asegur\u00f3 la mandataria estatal Evelyn Salgado Pineda al&#8230;<\/p>\n","protected":false},"author":2,"featured_media":1250418,"comment_status":"closed","ping_status":"closed","sticky":false,"template":"","format":"standard","meta":{"footnotes":""},"categories":[1969,2005],"tags":[5355,6573,8251,9302],"class_list":["post-1250416","post","type-post","status-publish","format-standard","has-post-thumbnail","hentry","category-trending","category-seguridad-y-justicia","tag-casa-guerrero","tag-coordinacion-para-la-construccion-de-la-paz","tag-evelyn-salgado-pineda","tag-gobierno-de-guerrero"],"_links":{"self":[{"href":"https:\/\/www.acapulcopress.com\/index.php\/wp-json\/wp\/v2\/posts\/1250416","targetHints":{"allow":["GET"]}}],"collection":[{"href":"https:\/\/www.acapulcopress.com\/index.php\/wp-json\/wp\/v2\/posts"}],"about":[{"href":"https:\/\/www.acapulcopress.com\/index.php\/wp-json\/wp\/v2\/types\/post"}],"author":[{"embeddable":true,"href":"https:\/\/www.acapulcopress.com\/index.php\/wp-json\/wp\/v2\/users\/2"}],"replies":[{"embeddable":true,"href":"https:\/\/www.acapulcopress.com\/index.php\/wp-json\/wp\/v2\/comments?post=1250416"}],"version-history":[{"count":0,"href":"https:\/\/www.acapulcopress.com\/index.php\/wp-json\/wp\/v2\/posts\/1250416\/revisions"}],"wp:featuredmedia":[{"embeddable":true,"href":"https:\/\/www.acapulcopress.com\/index.php\/wp-json\/"}],"wp:attachment":[{"href":"https:\/\/www.acapulcopress.com\/index.php\/wp-json\/wp\/v2\/media?parent=1250416"}],"wp:term":[{"taxonomy":"category","embeddable":true,"href":"https:\/\/www.acapulcopress.com\/index.php\/wp-json\/wp\/v2\/categories?post=1250416"},{"taxonomy":"post_tag","embeddable":true,"href":"https:\/\/www.acapulcopress.com\/index.php\/wp-json\/wp\/v2\/tags?post=1250416"}],"curies":[{"name":"wp","href":"https:\/\/api.w.org\/{rel}","templated":true}]}}