{"id":1250420,"date":"2023-01-30T20:20:29","date_gmt":"2023-01-31T02:20:29","guid":{"rendered":"https:\/\/www.acapulcopress.com\/?p=1250420"},"modified":"2023-01-30T20:20:29","modified_gmt":"2023-01-31T02:20:29","slug":"alumna-se-avienta-de-segundo-piso-de-su-escuela-tras-sufrir-bullying-por-su-maestro","status":"publish","type":"post","link":"https:\/\/www.acapulcopress.com\/index.php\/2023\/01\/30\/alumna-se-avienta-de-segundo-piso-de-su-escuela-tras-sufrir-bullying-por-su-maestro\/","title":{"rendered":"Alumna se avienta de segundo piso de su escuela tras sufrir bullying por su maestro"},"content":{"rendered":"<p style=\"text-align: justify;\">\u00bb <strong>Rangel<\/strong> | <strong>Ventura<\/strong><br \/>\nCHILPANCINGO * 30 de enero de 2023.<br \/>\n<em>) <a href=\"https:\/\/a-nasa.com.mx\/2023\/01\/30\/se-avienta-del-segundo-pisode-escuela-secundaria-porun-regano-del-profesor\/\" target=\"_blank\" rel=\"noopener\">ANASA<\/a><\/em><br \/>\nUna alumna de la Escuela Secundaria Federal \u201cAntonio I. Delgado\u201d atent\u00f3 contra su vida avent\u00e1ndose desde el segundo piso de su sal\u00f3n, luego de que &#8211;supuestamente&#8211; un <img loading=\"lazy\" decoding=\"async\" class=\"alignleft size-medium wp-image-1250421\" src=\"https:\/\/www.acapulcopress.com\/wp-content\/uploads\/2023\/01\/alumna-suicida-375x463.jpg\" alt=\"\" width=\"375\" height=\"463\" \/>maestro la rega\u00f1ara frente a sus compa\u00f1eros.<\/p>\n<p style=\"text-align: justify;\">En punto de las 13:00 horas de este lunes, fue reportado que la estudiante &#8211;cuya identidad se reserva por respeto&#8211;, del primer grado A, de apenas 13 a\u00f1os de edad, sufri\u00f3 una fuerte ca\u00edda de unos\u00a0 cinco metros de altura, luego de que en situaciones inciertas se aventara del segundo piso al salir de su sal\u00f3n.<\/p>\n<p style=\"text-align: justify;\">De acuerdo a lo informado por los propios compa\u00f1eros, la joven fue reprendida por el maestro de Taller de Dibujo, quien \u201cle hizo bullying\u201d (burlas y ofensas) en plena clase por una tarea. La ni\u00f1a no soport\u00f3 la humillaci\u00f3n y sali\u00f3 apresurada del aula, para posteriormente aventarse al precipicio.<\/p>\n<p style=\"text-align: justify;\">\u201cEl maestro le levant\u00f3 un reporte, el profe estaba rega\u00f1ando a todos y se ensa\u00f1\u00f3 con ella y pues la ni\u00f1a sali\u00f3 corriendo y fue que se avent\u00f3\u201d, coment\u00f3 una de las compa\u00f1eras de clases de la menor.<\/p>\n<p style=\"text-align: justify;\">Se desconoce si la alumna se avent\u00f3 por propia voluntad o al salir corriendo tras ser rega\u00f1ada se tropez\u00f3 y cay\u00f3 al suelo. Sin embargo, varios alumnos han denunciado que han sufrido rega\u00f1os del mismo profesor.<\/p>\n<p style=\"text-align: justify;\">De inmediato salieron sus compa\u00f1eros de clases, secundados de la prefecta, el director de la ESFAID y el propio maestro de Taller de Dibujo, a intentar ayudarla, en tanto dieron aviso a los param\u00e9dicos de la Cruz Roja, quienes le brindaron los primeros auxilios.<\/p>\n<p style=\"text-align: justify;\">La adolescente presentaba raspones en el cuerpo, pero no ten\u00eda fracturas, sin embargo, la llevaron a un hospital a recibir atenci\u00f3n m\u00e9dica, para descartar cualquier golpe en la cabeza que ponga en riesgo su vida, por lo que reportan su estado de salud como estable.<\/p>\n<p style=\"text-align: justify;\">Los padres de familia demandaron que el caso sea investigado con prontitud por las autoridades educativas y la propia Fiscal\u00eda General del Estado (FGE), para determinar las causas exactas del por qu\u00e9 se cay\u00f3 la ni\u00f1a, adem\u00e1s exigieron que los directivos de la ESFAID no protejan a ning\u00fan maestro y dejen que las investigaciones sigan su curso<\/p>\n<p style=\"text-align: justify;\"><em>) S\u00edguenos en Facebook | @<a href=\"https:\/\/www.facebook.com\/acapulcopress.news\">AcapulcoPress<\/a><\/em><\/p>\n","protected":false},"excerpt":{"rendered":"<p>\u00bb Rangel | Ventura CHILPANCINGO * 30 de enero de 2023. ) ANASA Una alumna de la Escuela Secundaria Federal \u201cAntonio I. Delgado\u201d atent\u00f3 contra su vida avent\u00e1ndose desde el segundo piso de su sal\u00f3n, luego de que &#8211;supuestamente&#8211; un maestro la rega\u00f1ara frente a sus compa\u00f1eros. En punto de las 13:00 horas de este&#8230;<\/p>\n","protected":false},"author":2,"featured_media":1250421,"comment_status":"closed","ping_status":"closed","sticky":false,"template":"","format":"standard","meta":{"footnotes":""},"categories":[1969,2005],"tags":[4912,16362],"class_list":["post-1250420","post","type-post","status-publish","format-standard","has-post-thumbnail","hentry","category-trending","category-seguridad-y-justicia","tag-bullying","tag-seg"],"_links":{"self":[{"href":"https:\/\/www.acapulcopress.com\/index.php\/wp-json\/wp\/v2\/posts\/1250420","targetHints":{"allow":["GET"]}}],"collection":[{"href":"https:\/\/www.acapulcopress.com\/index.php\/wp-json\/wp\/v2\/posts"}],"about":[{"href":"https:\/\/www.acapulcopress.com\/index.php\/wp-json\/wp\/v2\/types\/post"}],"author":[{"embeddable":true,"href":"https:\/\/www.acapulcopress.com\/index.php\/wp-json\/wp\/v2\/users\/2"}],"replies":[{"embeddable":true,"href":"https:\/\/www.acapulcopress.com\/index.php\/wp-json\/wp\/v2\/comments?post=1250420"}],"version-history":[{"count":0,"href":"https:\/\/www.acapulcopress.com\/index.php\/wp-json\/wp\/v2\/posts\/1250420\/revisions"}],"wp:featuredmedia":[{"embeddable":true,"href":"https:\/\/www.acapulcopress.com\/index.php\/wp-json\/"}],"wp:attachment":[{"href":"https:\/\/www.acapulcopress.com\/index.php\/wp-json\/wp\/v2\/media?parent=1250420"}],"wp:term":[{"taxonomy":"category","embeddable":true,"href":"https:\/\/www.acapulcopress.com\/index.php\/wp-json\/wp\/v2\/categories?post=1250420"},{"taxonomy":"post_tag","embeddable":true,"href":"https:\/\/www.acapulcopress.com\/index.php\/wp-json\/wp\/v2\/tags?post=1250420"}],"curies":[{"name":"wp","href":"https:\/\/api.w.org\/{rel}","templated":true}]}}