{"id":1250424,"date":"2023-01-30T20:44:50","date_gmt":"2023-01-31T02:44:50","guid":{"rendered":"https:\/\/www.acapulcopress.com\/?p=1250424"},"modified":"2023-01-30T20:44:50","modified_gmt":"2023-01-31T02:44:50","slug":"convocatoria-presidencial-2024-de-morena-sera-por-encuestas-mario-delgado","status":"publish","type":"post","link":"https:\/\/www.acapulcopress.com\/index.php\/2023\/01\/30\/convocatoria-presidencial-2024-de-morena-sera-por-encuestas-mario-delgado\/","title":{"rendered":"Convocatoria presidencial 2024 de Morena ser\u00e1 por encuestas | Mario Delgado"},"content":{"rendered":"<p style=\"text-align: justify;\">CIUDAD DE M\u00c9XICO * 30 de enero de 2023.<br \/>\n<em>) <a href=\"https:\/\/www.forbes.com.mx\/morena-lanzara-en-julio-su-convocatoria-para-la-candidatura-presidencial-de-2024\/\" target=\"_blank\" rel=\"noopener\">Forbes M\u00e9xico<\/a><\/em><br \/>\nEl presidente de Morena, Mario Delgado, adelant\u00f3 que en julio lanzar\u00e1 la convocatoria para la candidatura presidencial de 2024, la cual se elegir\u00e1 por encuestas luego de debates entre los aspirantes o \u201ccorcholatas\u201d, como los nombr\u00f3 el mandatario <img loading=\"lazy\" decoding=\"async\" class=\"alignleft size-medium wp-image-1250425\" src=\"https:\/\/www.acapulcopress.com\/wp-content\/uploads\/2023\/01\/mario-delgado-carrillo-375x234.jpg\" alt=\"\" width=\"375\" height=\"234\" \/>Andr\u00e9s Manuel L\u00f3pez Obrador.<\/p>\n<p style=\"text-align: justify;\">Al acudir a la reuni\u00f3n plenaria de los diputados de Morena, Delgado mencion\u00f3 que este proceso comenzar\u00e1 una vez que pasen las elecciones en el Estado de M\u00e9xico y en Coahuila, donde llevan como precandidatos \u00fanicos a Delfina G\u00f3mez y Armando Guadiana, respectivamente.<\/p>\n<p style=\"text-align: justify;\">\u201cDespu\u00e9s de las elecciones de Coahuila y del Estado de M\u00e9xico ya nos meteremos al tema presidencial y habr\u00e1 reglas que vamos a establecer despu\u00e9s de la elecci\u00f3n del Estado de M\u00e9xico y Coahuila. Por ejemplo, que podamos tener debates, que podamos tener tambi\u00e9n un grupo de representantes de cada uno de los perfiles para ir ya viendo lo detalles de c\u00f3mo va a ser la convocatoria en julio del 23\u201d, coment\u00f3.<\/p>\n<p style=\"text-align: justify;\"><img loading=\"lazy\" decoding=\"async\" class=\"alignleft size-medium wp-image-1250426\" src=\"https:\/\/www.acapulcopress.com\/wp-content\/uploads\/2023\/01\/mario-delgado-375x409.jpg\" alt=\"\" width=\"375\" height=\"409\" \/>Acompa\u00f1ado del coordinador de Morena en San L\u00e1zaro, Ignacio Mier, mencion\u00f3 que en la convocatoria que lanzar\u00e1 el partido en julio pr\u00f3ximo se especificar\u00e1n los requisitos que deben cumplir quienes quieran participar por la candidatura presidencial.<\/p>\n<p style=\"text-align: justify;\">Pese a que el senador Ricardo Monreal ha pedido que se elija al candidato con elecciones primarias, Mario Delgado reiter\u00f3 que ser\u00e1 por encuesta, ya que as\u00ed lo marcan los estatutos de Morena.<\/p>\n<p style=\"text-align: justify;\">\u201cVa a ser por encuestas porque as\u00ed lo se\u00f1alan nuestros estatutos, pero adem\u00e1s porque es una convicci\u00f3n, es la naturaleza de nuestro movimiento poner las decisiones m\u00e1s importantes en manos de la gente. En Morena el pueblo manda; entonces, la forma de saber lo que la gente desea o a qui\u00e9n va a preferir es trav\u00e9s del instrumento de las encuestas\u201d, dijo el dirigente morenista.<\/p>\n<p style=\"text-align: justify;\"><strong>QUE NO LA HAGA MORENA, PIDE MONREAL<br \/>\n<\/strong><br \/>\nDespu\u00e9s de meses rechazando que se elija al candidato de Morena para la presidencia en 2024 por encuesta, Ricardo Monreal finalmente accedi\u00f3, pero con la condici\u00f3n de que no la haga el propio partido.<\/p>\n<p><img loading=\"lazy\" decoding=\"async\" class=\"alignleft size-medium wp-image-1250432\" src=\"https:\/\/www.acapulcopress.com\/wp-content\/uploads\/2023\/01\/monreal-375x211.webp\" alt=\"\" width=\"375\" height=\"211\" \/><\/p>\n<p style=\"text-align: justify;\">\u201cPuede ser encuesta, pero que no la levante el partido, sino que sean entes ajenos al partido, profesionales, imparciales, con calidad y prestigio, que son encuestadoras: podr\u00edan ser tres encuestadoras principales y dos espejos\u201d, coment\u00f3 el senador.<\/p>\n<p style=\"text-align: justify;\">Al finalizar su participaci\u00f3n en la Reuni\u00f3n Plenaria de los diputados de Morena en San L\u00e1zaro, Monreal, quien en meses pasados acus\u00f3 preferencia para algunos aspirantes presidenciales, coment\u00f3 que este encuentro es un primer paso, pero se requiere voluntad para emparejar el piso.<\/p>\n<p style=\"text-align: justify;\">\u201cNo soy ingenuo y el hecho de haberme incluido es un primer paso, pero se requiere mucha voluntad pol\u00edtica para emparejar el piso, para fijar reglas equitativas, para no hacer uso de recursos p\u00fablicos de manera indebida, falta mucho. Estamos empezando, es un buen comienzo\u201d, declar\u00f3 el legislador, aunque reiter\u00f3 que \u00e9l prefiere una elecci\u00f3n primaria.<\/p>\n<p style=\"text-align: justify;\">Coment\u00f3 que espera que su propuesta sea escuchada, pues no le da confianza que Morena realice la encuesta que elija al candidato presidencial para 2024.<\/p>\n<p style=\"text-align: justify;\">\u201cTengo confianza en que tenga eco nuestra propuesta, en el caso de que se quedara la encuesta \u00fanica ser\u00eda dif\u00edcil participar, porque el que el partido la haga, el partido la cante, la organice y sancione, a m\u00ed no me da confianza, pero tiene que meterse una variante\u201d, se\u00f1al\u00f3 Monreal.<\/p>\n<p style=\"text-align: justify;\"><em>) S\u00edguenos en Facebook | @<a href=\"https:\/\/www.facebook.com\/acapulcopress.news\" target=\"_blank\" rel=\"noopener\">AcapulcoPress<\/a><\/em><\/p>\n","protected":false},"excerpt":{"rendered":"<p>CIUDAD DE M\u00c9XICO * 30 de enero de 2023. ) Forbes M\u00e9xico El presidente de Morena, Mario Delgado, adelant\u00f3 que en julio lanzar\u00e1 la convocatoria para la candidatura presidencial de 2024, la cual se elegir\u00e1 por encuestas luego de debates entre los aspirantes o \u201ccorcholatas\u201d, como los nombr\u00f3 el mandatario Andr\u00e9s Manuel L\u00f3pez Obrador. Al&#8230;<\/p>\n","protected":false},"author":2,"featured_media":1250426,"comment_status":"closed","ping_status":"closed","sticky":false,"template":"","format":"standard","meta":{"footnotes":""},"categories":[1972,18561,2009],"tags":[3793,3896,6628,7803,12677,13297,15589],"class_list":["post-1250424","post","type-post","status-publish","format-standard","has-post-thumbnail","hentry","category-special","category-society-politics","category-politics","tag-amlo","tag-andres-manuel-lopez-obrador","tag-corcholatas","tag-eleccion-presidencial-2024","tag-mario-delgado-carrillo","tag-morena","tag-ricardo-monreal"],"_links":{"self":[{"href":"https:\/\/www.acapulcopress.com\/index.php\/wp-json\/wp\/v2\/posts\/1250424","targetHints":{"allow":["GET"]}}],"collection":[{"href":"https:\/\/www.acapulcopress.com\/index.php\/wp-json\/wp\/v2\/posts"}],"about":[{"href":"https:\/\/www.acapulcopress.com\/index.php\/wp-json\/wp\/v2\/types\/post"}],"author":[{"embeddable":true,"href":"https:\/\/www.acapulcopress.com\/index.php\/wp-json\/wp\/v2\/users\/2"}],"replies":[{"embeddable":true,"href":"https:\/\/www.acapulcopress.com\/index.php\/wp-json\/wp\/v2\/comments?post=1250424"}],"version-history":[{"count":0,"href":"https:\/\/www.acapulcopress.com\/index.php\/wp-json\/wp\/v2\/posts\/1250424\/revisions"}],"wp:featuredmedia":[{"embeddable":true,"href":"https:\/\/www.acapulcopress.com\/index.php\/wp-json\/"}],"wp:attachment":[{"href":"https:\/\/www.acapulcopress.com\/index.php\/wp-json\/wp\/v2\/media?parent=1250424"}],"wp:term":[{"taxonomy":"category","embeddable":true,"href":"https:\/\/www.acapulcopress.com\/index.php\/wp-json\/wp\/v2\/categories?post=1250424"},{"taxonomy":"post_tag","embeddable":true,"href":"https:\/\/www.acapulcopress.com\/index.php\/wp-json\/wp\/v2\/tags?post=1250424"}],"curies":[{"name":"wp","href":"https:\/\/api.w.org\/{rel}","templated":true}]}}