{"id":1250435,"date":"2023-01-30T21:31:35","date_gmt":"2023-01-31T03:31:35","guid":{"rendered":"https:\/\/www.acapulcopress.com\/?p=1250435"},"modified":"2023-01-30T21:31:35","modified_gmt":"2023-01-31T03:31:35","slug":"monreal-pensar-distinto-no-es-estar-contra-amlo","status":"publish","type":"post","link":"https:\/\/www.acapulcopress.com\/index.php\/2023\/01\/30\/monreal-pensar-distinto-no-es-estar-contra-amlo\/","title":{"rendered":"Monreal |  Pensar distinto no es estar contra AMLO"},"content":{"rendered":"<p style=\"text-align: justify;\">CIUDAD DE M\u00c9XICO * 30 de enero de 2023.<br \/>\n<em>) <a href=\"https:\/\/www.proceso.com.mx\/nacional\/2023\/1\/30\/pensar-distinto-no-es-estar-en-contra-del-presidente-monreal-301239.html\" target=\"_blank\" rel=\"noopener\">Apro<\/a><\/em><br \/>\nEl coordinador de Morena en la C\u00e1mara de Senadores, Ricardo Monreal, afirm\u00f3 que siempre ha estado a favor del respeto a la ley y el estado de derecho y afirm\u00f3 que su postura no es estar en contra del presidente Andr\u00e9s Manuel L\u00f3pez Obrador quien ante diferendos con la Suprema Corte ha se\u00f1alado que la justicia est\u00e1 por encima de la ley.<\/p>\n<p style=\"text-align: justify;\">Durante la reuni\u00f3n plenaria de diputados de Morena en la C\u00e1mara de Diputados, que cont\u00f3 con la participaci\u00f3n de los cinco aspirantes a la candidatura presidencial \u2013Marcelo Ebrard, Claudia Sheinbaum, Ad\u00e1n Augusto L\u00f3pez, Gerardo Noro\u00f1a y el propio Monreal\u2014el zacatecano respondi\u00f3 a se\u00f1alamientos de legisladores morenistas en el sentido de que es muy cr\u00edtico con la 4T y contradice al presidente.<\/p>\n<p style=\"text-align: justify;\">Monreal se\u00f1al\u00f3 que a lo largo de la historia se ha discutido mucho sobre los l\u00edmites entre lo legal y lo justo, pero la ley es el arma que tiene la sociedad para defenderse: \u00abYo me quedo con la ley y el estado de derecho\u201d, subray\u00f3.<\/p>\n<p style=\"text-align: justify;\">Y ampli\u00f3 su idea:<\/p>\n<p style=\"text-align: justify;\">\u00abPara eso estamos los legisladores, para cambiar, para crear normas jur\u00eddicas y para observarlas, todos. Si una ley es injusta, cambi\u00e9mosla, pero no podemos deso\u00edr ni la ley ni el estado de derecho. Eso es lo que yo pienso desde hace muchos a\u00f1os en la UNAM y no lo voy a traicionar para que ustedes se sientan c\u00f3modos. Y eso no es estar en contra del presidente L\u00f3pez Obrador, de ninguna manera\u00bb, expres\u00f3.<\/p>\n<p style=\"text-align: justify;\">Trajo entonces a colaci\u00f3n que lleva 25 a\u00f1os acompa\u00f1ando al mandatario \u00aben las buenas y en las malas\u00bb.<\/p>\n<p style=\"text-align: justify;\"><strong>Si se elige a candidato por encuesta, que no la haga Morena<\/strong><\/p>\n<p style=\"text-align: justify;\">Monreal se refiri\u00f3 tambi\u00e9n al m\u00e9todo de selecci\u00f3n del candidato presidencial de Morena que buscar\u00e1 sustituir a L\u00f3pez Obrador, y recalc\u00f3 que siempre se ha pronunciado por una elecci\u00f3n primaria, pero si se insiste en la encuesta pidi\u00f3 que no la haga Morena.<\/p>\n<p style=\"text-align: justify;\">\u201cYo no estoy de acuerdo en que el partido sea quien la haga, incluso las encuestas podr\u00edan hacerlas entes ajenos al partido, imparciales, profesionales, en donde se establecieran tres encuestas principales y dos encuestas espejo\u201d.<\/p>\n<p style=\"text-align: justify;\">Y anticip\u00f3 que en caso de que se decida por una encuesta \u00fanica, ser\u00eda dif\u00edcil que participe pues no le da confianza que Morena haga todo. Monreal solicit\u00f3 que se considere una variante \u201cincluso puede ser encuesta, pero que no la levante el partido\u201d.<\/p>\n<p style=\"text-align: justify;\">El senador se dijo contento con el recibimiento que tuvo por parte de los diputados a quienes les present\u00f3 su proyecto de naci\u00f3n que calific\u00f3 como \u201cinteresante\u201d y termin\u00f3 hace unos d\u00edas.<\/p>\n<p style=\"text-align: justify;\">\u201cEntregue tres documentos, el primero sobre las minutas, otro documento sobre el proyecto, y un libro que es el m\u00e1s reciente que he escrito, que apenas en enero me lo han entregado de la imprenta\u201d.<\/p>\n<p style=\"text-align: justify;\">Sobre su presencia en la plenaria como una de las \u201ccorcholatas\u201d el zacatecano dijo que no es ingenuo pero se trata de un primer paso y a\u00fan se requiere voluntad pol\u00edtica para que haya piso parejo, lineamientos<\/p>\n<p style=\"text-align: justify;\">Monreal \u00c1vila se\u00f1al\u00f3 que no es ingenuo, que el hecho de haberlo incluido entre los oradores de la plenaria de diputados es un primer paso, pero que se necesita voluntad pol\u00edtica para que haya piso parejo, lineamientos equitativos y para no hacer uso de recursos p\u00fablicos de manera indebida.<\/p>\n<p style=\"text-align: justify;\">\u201cFalta mucho, estamos empezando, es un buen comienzo y vamos a intentar que todo pueda resultar por la v\u00eda pac\u00edfica y por la v\u00eda democr\u00e1tica como es el origen de Morena\u201d, dijo.<\/p>\n<p style=\"text-align: justify;\">Monreal particip\u00f3 en la plenaria morenista despu\u00e9s de la jefa de Gobierno Claudia Sheinbaum, pero no coincidieron en el mismo espacio y por lo mismo no se vieron ni saludaron.<br \/>\n<em>) S\u00edguenos en Facebook | @<a href=\"https:\/\/www.facebook.com\/acapulcopress.news\" target=\"_blank\" rel=\"noopener\">AcapulcoPress<\/a><\/em><\/p>\n","protected":false},"excerpt":{"rendered":"<p>CIUDAD DE M\u00c9XICO * 30 de enero de 2023. ) Apro El coordinador de Morena en la C\u00e1mara de Senadores, Ricardo Monreal, afirm\u00f3 que siempre ha estado a favor del respeto a la ley y el estado de derecho y afirm\u00f3 que su postura no es estar en contra del presidente Andr\u00e9s Manuel L\u00f3pez Obrador&#8230;<\/p>\n","protected":false},"author":2,"featured_media":1250436,"comment_status":"closed","ping_status":"closed","sticky":false,"template":"","format":"standard","meta":{"footnotes":""},"categories":[1997],"tags":[3896,13297,15590],"class_list":["post-1250435","post","type-post","status-publish","format-standard","has-post-thumbnail","hentry","category-noticias-destacadas","tag-andres-manuel-lopez-obrador","tag-morena","tag-ricardo-monreal-avila"],"_links":{"self":[{"href":"https:\/\/www.acapulcopress.com\/index.php\/wp-json\/wp\/v2\/posts\/1250435","targetHints":{"allow":["GET"]}}],"collection":[{"href":"https:\/\/www.acapulcopress.com\/index.php\/wp-json\/wp\/v2\/posts"}],"about":[{"href":"https:\/\/www.acapulcopress.com\/index.php\/wp-json\/wp\/v2\/types\/post"}],"author":[{"embeddable":true,"href":"https:\/\/www.acapulcopress.com\/index.php\/wp-json\/wp\/v2\/users\/2"}],"replies":[{"embeddable":true,"href":"https:\/\/www.acapulcopress.com\/index.php\/wp-json\/wp\/v2\/comments?post=1250435"}],"version-history":[{"count":0,"href":"https:\/\/www.acapulcopress.com\/index.php\/wp-json\/wp\/v2\/posts\/1250435\/revisions"}],"wp:featuredmedia":[{"embeddable":true,"href":"https:\/\/www.acapulcopress.com\/index.php\/wp-json\/"}],"wp:attachment":[{"href":"https:\/\/www.acapulcopress.com\/index.php\/wp-json\/wp\/v2\/media?parent=1250435"}],"wp:term":[{"taxonomy":"category","embeddable":true,"href":"https:\/\/www.acapulcopress.com\/index.php\/wp-json\/wp\/v2\/categories?post=1250435"},{"taxonomy":"post_tag","embeddable":true,"href":"https:\/\/www.acapulcopress.com\/index.php\/wp-json\/wp\/v2\/tags?post=1250435"}],"curies":[{"name":"wp","href":"https:\/\/api.w.org\/{rel}","templated":true}]}}