{"id":1250447,"date":"2023-01-31T19:17:00","date_gmt":"2023-02-01T01:17:00","guid":{"rendered":"https:\/\/www.acapulcopress.com\/?p=1250447"},"modified":"2023-01-31T19:17:00","modified_gmt":"2023-02-01T01:17:00","slug":"este-miercoles-inician-preinscripciones-escolares-en-guerrero","status":"publish","type":"post","link":"https:\/\/www.acapulcopress.com\/index.php\/2023\/01\/31\/este-miercoles-inician-preinscripciones-escolares-en-guerrero\/","title":{"rendered":"Este mi\u00e9rcoles inician preinscripciones escolares en Guerrero"},"content":{"rendered":"<p style=\"text-align: justify;\">CHILPANCINGO * 31 de enero de 2023.<br \/>\n<em>) SEG<br \/>\n<\/em>El secretario de Educaci\u00f3n en Guerrero, Marcial Rodr\u00edguez Salda\u00f1a, anunci\u00f3 que a partir del <img loading=\"lazy\" decoding=\"async\" class=\"alignleft size-medium wp-image-1250449\" src=\"https:\/\/www.acapulcopress.com\/wp-content\/uploads\/2023\/01\/preincripciongro-375x392.jpg\" alt=\"\" width=\"375\" height=\"392\" \/>mi\u00e9rcoles 1 de febrero y hasta el mi\u00e9rcoles 15 del mismo mes se llevar\u00e1n a cabo las preinscripciones de educaci\u00f3n preescolar, primaria y secundaria en la entidad, en las modalidades digital y presencial.<\/p>\n<p style=\"text-align: justify;\">A trav\u00e9s de internet se estar\u00e1n llevando a cabo en la p\u00e1gina \u00abPreinscripciones 2023-2024\u00bb de la Secretar\u00eda de Educaci\u00f3n Guerrero (SEG), cuya direcci\u00f3n electr\u00f3nica es la siguiente:<br \/>\n<a href=\"http:\/\/preinscripciones.segro.edu.mx\" target=\"_blank\" rel=\"noopener\">http:\/\/preinscripciones.segro.edu.mx<\/a>.<\/p>\n<p style=\"text-align: justify;\">El responsable de la educaci\u00f3n en la entidad expres\u00f3 que la gobernadora Evelyn Salgado Pineda promueve que todas las ni\u00f1as, ni\u00f1os, adolescentes y j\u00f3venes est\u00e9n estudiando en las aulas y llam\u00f3 a padres y tutores a inscribir a sus hijos en todas las instituciones educativas del Estado.<\/p>\n<p><img loading=\"lazy\" decoding=\"async\" class=\"alignnone wp-image-1250450 size-large\" src=\"https:\/\/www.acapulcopress.com\/wp-content\/uploads\/2023\/01\/preinscripcion-seg-2023-840x613.png\" alt=\"\" width=\"696\" height=\"508\" \/><\/p>\n<p style=\"text-align: justify;\"><em>) S\u00edguenos en Facebook | @<a href=\"https:\/\/www.facebook.com\/acapulcopress.news\" target=\"_blank\" rel=\"noopener\">AcapulcoPress<\/a><\/em><\/p>\n<p style=\"text-align: justify;\">\n","protected":false},"excerpt":{"rendered":"<p>CHILPANCINGO * 31 de enero de 2023. ) SEG El secretario de Educaci\u00f3n en Guerrero, Marcial Rodr\u00edguez Salda\u00f1a, anunci\u00f3 que a partir del mi\u00e9rcoles 1 de febrero y hasta el mi\u00e9rcoles 15 del mismo mes se llevar\u00e1n a cabo las preinscripciones de educaci\u00f3n preescolar, primaria y secundaria en la entidad, en las modalidades digital y&#8230;<\/p>\n","protected":false},"author":2,"featured_media":1250448,"comment_status":"closed","ping_status":"closed","sticky":false,"template":"","format":"standard","meta":{"footnotes":""},"categories":[1972,18561,2081],"tags":[8251,9302,9912,12457,14809,16169],"class_list":["post-1250447","post","type-post","status-publish","format-standard","has-post-thumbnail","hentry","category-special","category-society-politics","category-seg","tag-evelyn-salgado-pineda","tag-gobierno-de-guerrero","tag-http-preinscripciones-segro-edu-mx","tag-marcial-rodriguez-saldana","tag-preinscripciones-2023-2024","tag-secretaria-de-educacion-guerrero-seg"],"_links":{"self":[{"href":"https:\/\/www.acapulcopress.com\/index.php\/wp-json\/wp\/v2\/posts\/1250447","targetHints":{"allow":["GET"]}}],"collection":[{"href":"https:\/\/www.acapulcopress.com\/index.php\/wp-json\/wp\/v2\/posts"}],"about":[{"href":"https:\/\/www.acapulcopress.com\/index.php\/wp-json\/wp\/v2\/types\/post"}],"author":[{"embeddable":true,"href":"https:\/\/www.acapulcopress.com\/index.php\/wp-json\/wp\/v2\/users\/2"}],"replies":[{"embeddable":true,"href":"https:\/\/www.acapulcopress.com\/index.php\/wp-json\/wp\/v2\/comments?post=1250447"}],"version-history":[{"count":0,"href":"https:\/\/www.acapulcopress.com\/index.php\/wp-json\/wp\/v2\/posts\/1250447\/revisions"}],"wp:featuredmedia":[{"embeddable":true,"href":"https:\/\/www.acapulcopress.com\/index.php\/wp-json\/"}],"wp:attachment":[{"href":"https:\/\/www.acapulcopress.com\/index.php\/wp-json\/wp\/v2\/media?parent=1250447"}],"wp:term":[{"taxonomy":"category","embeddable":true,"href":"https:\/\/www.acapulcopress.com\/index.php\/wp-json\/wp\/v2\/categories?post=1250447"},{"taxonomy":"post_tag","embeddable":true,"href":"https:\/\/www.acapulcopress.com\/index.php\/wp-json\/wp\/v2\/tags?post=1250447"}],"curies":[{"name":"wp","href":"https:\/\/api.w.org\/{rel}","templated":true}]}}