{"id":1250475,"date":"2023-01-31T21:29:56","date_gmt":"2023-02-01T03:29:56","guid":{"rendered":"https:\/\/www.acapulcopress.com\/?p=1250475"},"modified":"2023-01-31T21:29:56","modified_gmt":"2023-02-01T03:29:56","slug":"reconoce-evelyn-salgado-que-la-transformacion-educativa-avanza-de-la-mano-del-magisterio","status":"publish","type":"post","link":"https:\/\/www.acapulcopress.com\/index.php\/2023\/01\/31\/reconoce-evelyn-salgado-que-la-transformacion-educativa-avanza-de-la-mano-del-magisterio\/","title":{"rendered":"Reconoce Evelyn Salgado que la transformaci\u00f3n educativa avanza de la mano del magisterio"},"content":{"rendered":"<p style=\"text-align: justify;\">CHILPANCINGO * 31 de enero de 2023.<br \/>\n<em>) Gobierno de Guerrero<\/em><br \/>\nEn un ambiente de di\u00e1logo y cordialidad para lograr los acuerdos que Guerrero necesita, la <img loading=\"lazy\" decoding=\"async\" class=\"alignleft size-medium wp-image-1250477\" src=\"https:\/\/www.acapulcopress.com\/wp-content\/uploads\/2023\/01\/ESP.SNTE2_-375x250.jpg\" alt=\"\" width=\"375\" height=\"250\" \/>gobernadora Evelyn Salgado Pineda, sostuvo una reuni\u00f3n con el Secretario General del Sindicato Nacional de trabajadores de la Educaci\u00f3n (SNTE), Alfonso Cepeda Salas, donde se trataron los temas relacionados con el magisterio guerrerense, la labor docente y las pol\u00edticas de desarrollo para mejorar la educaci\u00f3n en la entidad.<\/p>\n<p style=\"text-align: justify;\">Asistieron a la reuni\u00f3n el Jefe de la Oficina de la gobernadora, Jes\u00fas Uri\u00f3stegui Garc\u00eda; el secretario general de la Secci\u00f3n 14 del SNTE en Guerrero, Silvano Palacios Salgado; el representante del Comit\u00e9 Ejecutivo Nacional en la Secci\u00f3n 14, Luis Enrique Morales Acosta, as\u00ed como Agust\u00edn Avil\u00e9s Nogueda, integrante del Comit\u00e9 Ejecutivo Nacional\u00a0del\u00a0SNTE.<\/p>\n<p style=\"text-align: justify;\"><em>) S\u00edguenos en Facebook | @<a href=\"https:\/\/www.facebook.com\/acapulcopress.news\" target=\"_blank\" rel=\"noopener\">AcapulcoPress<\/a><\/em><\/p>\n","protected":false},"excerpt":{"rendered":"<p>CHILPANCINGO * 31 de enero de 2023. ) Gobierno de Guerrero En un ambiente de di\u00e1logo y cordialidad para lograr los acuerdos que Guerrero necesita, la gobernadora Evelyn Salgado Pineda, sostuvo una reuni\u00f3n con el Secretario General del Sindicato Nacional de trabajadores de la Educaci\u00f3n (SNTE), Alfonso Cepeda Salas, donde se trataron los temas relacionados&#8230;<\/p>\n","protected":false},"author":2,"featured_media":1250476,"comment_status":"closed","ping_status":"closed","sticky":false,"template":"","format":"standard","meta":{"footnotes":""},"categories":[1983,18561],"tags":[3614,8251,16329],"class_list":["post-1250475","post","type-post","status-publish","format-standard","has-post-thumbnail","hentry","category-guerrerogob","category-society-politics","tag-alfonso-cepeda-salas","tag-evelyn-salgado-pineda","tag-secretario-general-del-sindicato-nacional-de-trabajadores-de-la-educacion-snte"],"_links":{"self":[{"href":"https:\/\/www.acapulcopress.com\/index.php\/wp-json\/wp\/v2\/posts\/1250475","targetHints":{"allow":["GET"]}}],"collection":[{"href":"https:\/\/www.acapulcopress.com\/index.php\/wp-json\/wp\/v2\/posts"}],"about":[{"href":"https:\/\/www.acapulcopress.com\/index.php\/wp-json\/wp\/v2\/types\/post"}],"author":[{"embeddable":true,"href":"https:\/\/www.acapulcopress.com\/index.php\/wp-json\/wp\/v2\/users\/2"}],"replies":[{"embeddable":true,"href":"https:\/\/www.acapulcopress.com\/index.php\/wp-json\/wp\/v2\/comments?post=1250475"}],"version-history":[{"count":0,"href":"https:\/\/www.acapulcopress.com\/index.php\/wp-json\/wp\/v2\/posts\/1250475\/revisions"}],"wp:featuredmedia":[{"embeddable":true,"href":"https:\/\/www.acapulcopress.com\/index.php\/wp-json\/"}],"wp:attachment":[{"href":"https:\/\/www.acapulcopress.com\/index.php\/wp-json\/wp\/v2\/media?parent=1250475"}],"wp:term":[{"taxonomy":"category","embeddable":true,"href":"https:\/\/www.acapulcopress.com\/index.php\/wp-json\/wp\/v2\/categories?post=1250475"},{"taxonomy":"post_tag","embeddable":true,"href":"https:\/\/www.acapulcopress.com\/index.php\/wp-json\/wp\/v2\/tags?post=1250475"}],"curies":[{"name":"wp","href":"https:\/\/api.w.org\/{rel}","templated":true}]}}