{"id":1250495,"date":"2023-02-01T18:46:55","date_gmt":"2023-02-02T00:46:55","guid":{"rendered":"https:\/\/www.acapulcopress.com\/?p=1250495"},"modified":"2023-02-01T18:46:55","modified_gmt":"2023-02-02T00:46:55","slug":"entrego-gobierno-del-estado-una-obra-de-infraestructura-educativa-mas-en-huitzuco","status":"publish","type":"post","link":"https:\/\/www.acapulcopress.com\/index.php\/2023\/02\/01\/entrego-gobierno-del-estado-una-obra-de-infraestructura-educativa-mas-en-huitzuco\/","title":{"rendered":"Entreg\u00f3 Gobierno del Estado una obra de infraestructura educativa m\u00e1s en Huitzuco"},"content":{"rendered":"<p style=\"text-align: justify;\">TLAXMALAC, Huitzuco * 1 de febrero de 2023.<br \/>\n<em>) Gobierno de Guerrero<br \/>\n<\/em>Con una inversi\u00f3n de 3.5 millones de pesos, el gobierno del estado que encabeza Evelyn <img loading=\"lazy\" decoding=\"async\" class=\"alignleft size-medium wp-image-1250498\" src=\"https:\/\/www.acapulcopress.com\/wp-content\/uploads\/2023\/02\/ESCUELASGRO3-375x211.jpg\" alt=\"\" width=\"375\" height=\"211\" \/>Salgado Pineda, construy\u00f3 en Tlaxmalac un edificio en el jard\u00edn de ni\u00f1os \u201cJuana D\u00edaz Marb\u00e1n\u201d y rehabilit\u00f3 tres aulas en la secundaria t\u00e9cnica No. 27 \u201cFroil\u00e1n Cuenca Estrada\u201d, beneficiando a m\u00e1s de 200 estudiantes.<\/p>\n<p style=\"text-align: justify;\">El director general del Instituto Guerrerense de la Infraestructura F\u00edsica Educativa, H\u00e9ctor Oyorzabal Hern\u00e1ndez, dijo que las obras realizadas tienen como finalidad que los estudiantes cuenten con instalaciones educativas en condiciones \u00f3ptimas.<\/p>\n<p style=\"text-align: justify;\">En el jard\u00edn de ni\u00f1os se construy\u00f3 un edificio que alberga dos aulas equipadas, direcci\u00f3n y servicios sanitarios, mientras que en la secundaria t\u00e9cnica se realiz\u00f3 la rehabilitaron tres aulas.<\/p>\n<p style=\"text-align: justify;\"><img loading=\"lazy\" decoding=\"async\" class=\"alignleft size-medium wp-image-1250501\" src=\"https:\/\/www.acapulcopress.com\/wp-content\/uploads\/2023\/02\/ESCUELASGRO6-375x211.jpg\" alt=\"\" width=\"375\" height=\"211\" \/>El funcionario estatal estuvo acompa\u00f1ado por el presidente municipal de Huitzuco, Eder N\u00e1jera N\u00e1jera, quien destac\u00f3 que estas obras contribuyen a garantizar un desarrollo adecuado para las ni\u00f1as, ni\u00f1os y j\u00f3venes.<\/p>\n<p style=\"text-align: justify;\">En tanto, la directora del jard\u00edn de ni\u00f1os, Elizabeth Rodr\u00edguez Pita, agradeci\u00f3 el beneficio que por a\u00f1os estuvieron gestionando, \u00abhasta ahora con el gobierno de Evelyn Salgado Pineda nos cumplen\u00a0est\u00e1\u00a0demanda\u201d.<\/p>\n<p><img loading=\"lazy\" decoding=\"async\" class=\"alignnone wp-image-1250499 size-large\" src=\"https:\/\/www.acapulcopress.com\/wp-content\/uploads\/2023\/02\/ESCUELASGRO4-840x473.jpg\" alt=\"\" width=\"696\" height=\"392\" \/><\/p>\n<p style=\"text-align: justify;\"><em>) S\u00edguenos en Facebook | @<a href=\"https:\/\/www.facebook.com\/acapulcopress.news\" target=\"_blank\" rel=\"noopener\">AcapulcoPress<\/a><\/em><\/p>\n","protected":false},"excerpt":{"rendered":"<p>TLAXMALAC, Huitzuco * 1 de febrero de 2023. ) Gobierno de Guerrero Con una inversi\u00f3n de 3.5 millones de pesos, el gobierno del estado que encabeza Evelyn Salgado Pineda, construy\u00f3 en Tlaxmalac un edificio en el jard\u00edn de ni\u00f1os \u201cJuana D\u00edaz Marb\u00e1n\u201d y rehabilit\u00f3 tres aulas en la secundaria t\u00e9cnica No. 27 \u201cFroil\u00e1n Cuenca Estrada\u201d,&#8230;<\/p>\n","protected":false},"author":2,"featured_media":1250496,"comment_status":"closed","ping_status":"closed","sticky":false,"template":"","format":"standard","meta":{"footnotes":""},"categories":[1972,1983,18561],"tags":[9302],"class_list":["post-1250495","post","type-post","status-publish","format-standard","has-post-thumbnail","hentry","category-special","category-guerrerogob","category-society-politics","tag-gobierno-de-guerrero"],"_links":{"self":[{"href":"https:\/\/www.acapulcopress.com\/index.php\/wp-json\/wp\/v2\/posts\/1250495","targetHints":{"allow":["GET"]}}],"collection":[{"href":"https:\/\/www.acapulcopress.com\/index.php\/wp-json\/wp\/v2\/posts"}],"about":[{"href":"https:\/\/www.acapulcopress.com\/index.php\/wp-json\/wp\/v2\/types\/post"}],"author":[{"embeddable":true,"href":"https:\/\/www.acapulcopress.com\/index.php\/wp-json\/wp\/v2\/users\/2"}],"replies":[{"embeddable":true,"href":"https:\/\/www.acapulcopress.com\/index.php\/wp-json\/wp\/v2\/comments?post=1250495"}],"version-history":[{"count":0,"href":"https:\/\/www.acapulcopress.com\/index.php\/wp-json\/wp\/v2\/posts\/1250495\/revisions"}],"wp:featuredmedia":[{"embeddable":true,"href":"https:\/\/www.acapulcopress.com\/index.php\/wp-json\/"}],"wp:attachment":[{"href":"https:\/\/www.acapulcopress.com\/index.php\/wp-json\/wp\/v2\/media?parent=1250495"}],"wp:term":[{"taxonomy":"category","embeddable":true,"href":"https:\/\/www.acapulcopress.com\/index.php\/wp-json\/wp\/v2\/categories?post=1250495"},{"taxonomy":"post_tag","embeddable":true,"href":"https:\/\/www.acapulcopress.com\/index.php\/wp-json\/wp\/v2\/tags?post=1250495"}],"curies":[{"name":"wp","href":"https:\/\/api.w.org\/{rel}","templated":true}]}}