{"id":1250504,"date":"2023-02-01T19:22:18","date_gmt":"2023-02-02T01:22:18","guid":{"rendered":"https:\/\/www.acapulcopress.com\/?p=1250504"},"modified":"2023-02-01T19:22:18","modified_gmt":"2023-02-02T01:22:18","slug":"nuevo-hospital-general-de-ayutla-registra-85-de-avance-informa-insabi","status":"publish","type":"post","link":"https:\/\/www.acapulcopress.com\/index.php\/2023\/02\/01\/nuevo-hospital-general-de-ayutla-registra-85-de-avance-informa-insabi\/","title":{"rendered":"Nuevo Hospital General de Ayutla registra 85% de avance, informa Insabi"},"content":{"rendered":"<p style=\"text-align: justify;\">AYUTLA DE LOS LIBRES * 1 de febrero de 2023.<br \/>\n<em>) Insabi<\/em><br \/>\nEsta ma\u00f1ana, el secretario del Consejo de Salubridad General, Marcos Cantero Cort\u00e9s, <img loading=\"lazy\" decoding=\"async\" class=\"alignleft size-medium wp-image-1250508\" src=\"https:\/\/www.acapulcopress.com\/wp-content\/uploads\/2023\/02\/Nuevo-Hospital-General-de-Ayutla4-375x281.jpeg\" alt=\"\" width=\"375\" height=\"281\" \/>acompa\u00f1ado por la secretaria de Salud del estado de Guerrero, Aide Ibarez Castro; la coordinadora de Segundo Nivel de Atenci\u00f3n, Jazmy Jyhan Laborie Nassar, en representaci\u00f3n del director general del Instituto de Salud para el Bienestar, Juan Antonio Ferrer Aguilar, as\u00ed como el coordinador Nacional de Infraestructura del Insabi, Carlos S\u00e1nchez Meneses, realizaron una visita de supervisi\u00f3n a los trabajos de obra y de equipamiento que realizan el Insabi y el gobierno estatal en el Nuevo Hospital General de Ayutla de los Libres.<\/p>\n<p style=\"text-align: justify;\">El Hospital General de Ayutla es una de las obras inconclusas, heredada de administraciones anteriores, que garantizar\u00e1n atenci\u00f3n m\u00e9dica gratuita y de calidad a la poblaci\u00f3n sin seguridad social, siguiendo la instrucci\u00f3n del presidente Andr\u00e9s Manuel L\u00f3pez Obrador, por lo que el Insabi trabaja en su conclusi\u00f3n.<\/p>\n<p style=\"text-align: justify;\"><img loading=\"lazy\" decoding=\"async\" class=\"alignleft size-medium wp-image-1250506\" src=\"https:\/\/www.acapulcopress.com\/wp-content\/uploads\/2023\/02\/Nuevo-Hospital-General-de-Ayutla2-375x211.jpeg\" alt=\"\" width=\"375\" height=\"211\" \/>Actualmente, el Hospital General de Ayutla, municipio de la Costa Chica de Guerrero, se encuentra en la segunda etapa de obra. Se realizan trabajos de reforzamiento de infraestructura y adecuaci\u00f3n de \u00e1reas y espacios. A la fecha, registra 85 por ciento de avance.<\/p>\n<p style=\"text-align: justify;\">Los trabajos programados incluyen la terminaci\u00f3n de la sala de parto humanizado, dos quir\u00f3fanos, sala de expulsi\u00f3n, imagenolog\u00eda, red contra incendios, gases medicinales y elevadores, para asegurar instalaciones dignas a las y los pacientes.<\/p>\n<p style=\"text-align: justify;\">Este centro hospitalario contar\u00e1 con 30 camas censables y beneficiar\u00e1 a 57 mil 400 personas de la regi\u00f3n que no cuentan con seguridad social.<\/p>\n<p style=\"text-align: justify;\"><img loading=\"lazy\" decoding=\"async\" class=\"alignleft size-medium wp-image-1250509\" src=\"https:\/\/www.acapulcopress.com\/wp-content\/uploads\/2023\/02\/Nuevo-Hospital-General-de-Ayutla5-375x211.jpeg\" alt=\"\" width=\"375\" height=\"211\" \/>Asistieron a esta visita parte del Insabi: el coordinador de Conservaci\u00f3n y Mantenimiento de Infraestructura, Juan Hern\u00e1ndez Olvera y la directora de Difusi\u00f3n y Atenci\u00f3n Ciudadana, Bertha Alicia Galindo Pel\u00e1ez.<\/p>\n<p style=\"text-align: justify;\">Tambi\u00e9n estuvieron presentes la directora general del Secretariado T\u00e9cnico y Vinculaci\u00f3n del Consejo de Salubridad General, Yamile Alonso Romo; el subsecretario de Planeaci\u00f3n de la Secretar\u00eda de Salud del estado de Guerrero, Roberto N\u00fa\u00f1ez Hern\u00e1ndez; el responsable de obra, Alejandro Reyes Mar\u00edn y la directora del Hospital, Lorena Miranda.<\/p>\n\n<p style=\"text-align: justify;\"><em>) S\u00edguenos en Facebook | @<a href=\"https:\/\/www.facebook.com\/acapulcopress.news\" target=\"_blank\" rel=\"noopener\">AcapulcoPress<\/a><\/em><\/p>\n","protected":false},"excerpt":{"rendered":"<p>AYUTLA DE LOS LIBRES * 1 de febrero de 2023. ) Insabi Esta ma\u00f1ana, el secretario del Consejo de Salubridad General, Marcos Cantero Cort\u00e9s, acompa\u00f1ado por la secretaria de Salud del estado de Guerrero, Aide Ibarez Castro; la coordinadora de Segundo Nivel de Atenci\u00f3n, Jazmy Jyhan Laborie Nassar, en representaci\u00f3n del director general del Instituto&#8230;<\/p>\n","protected":false},"author":2,"featured_media":1250505,"comment_status":"closed","ping_status":"closed","sticky":false,"template":"","format":"standard","meta":{"footnotes":""},"categories":[1983,18561],"tags":[10189,13813],"class_list":["post-1250504","post","type-post","status-publish","format-standard","has-post-thumbnail","hentry","category-guerrerogob","category-society-politics","tag-insabi","tag-nuevo-hospital-general-de-ayutla"],"_links":{"self":[{"href":"https:\/\/www.acapulcopress.com\/index.php\/wp-json\/wp\/v2\/posts\/1250504","targetHints":{"allow":["GET"]}}],"collection":[{"href":"https:\/\/www.acapulcopress.com\/index.php\/wp-json\/wp\/v2\/posts"}],"about":[{"href":"https:\/\/www.acapulcopress.com\/index.php\/wp-json\/wp\/v2\/types\/post"}],"author":[{"embeddable":true,"href":"https:\/\/www.acapulcopress.com\/index.php\/wp-json\/wp\/v2\/users\/2"}],"replies":[{"embeddable":true,"href":"https:\/\/www.acapulcopress.com\/index.php\/wp-json\/wp\/v2\/comments?post=1250504"}],"version-history":[{"count":0,"href":"https:\/\/www.acapulcopress.com\/index.php\/wp-json\/wp\/v2\/posts\/1250504\/revisions"}],"wp:featuredmedia":[{"embeddable":true,"href":"https:\/\/www.acapulcopress.com\/index.php\/wp-json\/"}],"wp:attachment":[{"href":"https:\/\/www.acapulcopress.com\/index.php\/wp-json\/wp\/v2\/media?parent=1250504"}],"wp:term":[{"taxonomy":"category","embeddable":true,"href":"https:\/\/www.acapulcopress.com\/index.php\/wp-json\/wp\/v2\/categories?post=1250504"},{"taxonomy":"post_tag","embeddable":true,"href":"https:\/\/www.acapulcopress.com\/index.php\/wp-json\/wp\/v2\/tags?post=1250504"}],"curies":[{"name":"wp","href":"https:\/\/api.w.org\/{rel}","templated":true}]}}