{"id":1250530,"date":"2023-02-01T20:54:06","date_gmt":"2023-02-02T02:54:06","guid":{"rendered":"https:\/\/www.acapulcopress.com\/?p=1250530"},"modified":"2023-02-01T20:54:06","modified_gmt":"2023-02-02T02:54:06","slug":"salpican-a-medios-en-narcosobornos-a-garcia-luna","status":"publish","type":"post","link":"https:\/\/www.acapulcopress.com\/index.php\/2023\/02\/01\/salpican-a-medios-en-narcosobornos-a-garcia-luna\/","title":{"rendered":"Salpican a medios en narcosobornos a Garc\u00eda Luna"},"content":{"rendered":"<p style=\"text-align: justify;\">CIUDAD DE M\u00c9XICO * 1 de febrero de 2023.<br \/>\n<em>) Efe<\/em><br \/>\nLos medios de comunicaci\u00f3n mexicanos se han visto salpicados en el juicio por narcotr\u00e1fico contra el exsecretario de Seguridad P\u00fablica mexicano Genaro Garc\u00eda Luna, en relaci\u00f3n con la detenci\u00f3n, en enero de 2008, del capo de la droga Jes\u00fas Reynaldo Zambada, alias \u201cEl Rey\u201d.<\/p>\n<p style=\"text-align: justify;\">El narcotraficante colombiano Harold Mauricio Poveda Ortega, alias \u201cEl Conejo\u201d, que trabajaba en M\u00e9xico para el C\u00e1rtel de Sinaloa, asegur\u00f3 este mi\u00e9rcoles que Arturo Beltr\u00e1n Leyva, l\u00edder del cartel de los Hermanos Beltr\u00e1n Leyva, le pidi\u00f3 el d\u00eda de la captura de \u201cEl Rey\u201d que le enviara \u201cde manera urgente\u201d 300,000 d\u00f3lares para que los medios de comunicaci\u00f3n difundieran r\u00e1pido la noticia.<\/p>\n<p style=\"text-align: justify;\">Seg\u00fan el relato de \u201cEl Conejo\u201d, que prove\u00eda a Beltr\u00e1n Leyva con coca\u00edna procedente de Colombia, \u201cEl Rey\u201d hab\u00eda sido detenido en un operativo formado por polic\u00edas junto con sicarios del clan de los Beltr\u00e1n Leyva y despu\u00e9s fue entregado a la Polic\u00eda Federal.<\/p>\n<p style=\"text-align: justify;\">Los narcotraficantes tem\u00edan que la Polic\u00eda Federal lo pusiera en libertad o negociara su liberaci\u00f3n.<\/p>\n<p style=\"text-align: justify;\">\u201cArturo Beltr\u00e1n me llama y me dice que, por favor, le haga llegar 300,000 d\u00f3lares urgentemente para hacer llegar r\u00e1pido el dinero a los medios de comunicaci\u00f3n, para que empezaran a anunciar en los medios (la detenci\u00f3n)\u201d, dijo \u201cEl Conejo\u201d, quien actualmente se encuentra en libertad condicional en Estados Unidos en espera de su sentencia por narcotr\u00e1fico.<\/p>\n<p style=\"text-align: justify;\"><img loading=\"lazy\" decoding=\"async\" class=\"alignleft size-medium wp-image-1250533\" src=\"https:\/\/www.acapulcopress.com\/wp-content\/uploads\/2023\/02\/genaro-garcia-y-felipe-calderon-375x271.jpeg\" alt=\"\" width=\"375\" height=\"271\" \/>Preguntado por la Fiscal\u00eda por la raz\u00f3n de pagar a los medios, \u201cEl Conejo\u201d precis\u00f3 que si sal\u00eda en los medios la noticia \u201cse hac\u00eda popular en M\u00e9xico y tambi\u00e9n ya la DEA (la agencia antidrogas estadounidense) se daba cuenta de que (\u2018El Rey\u2019 Zambada) est\u00e1 detenido y no pod\u00edan soltarlo o llegar a alg\u00fan arreglo\u201d.<\/p>\n<p style=\"text-align: justify;\">Ayer, el narcocontador Israel \u00c1vila asegur\u00f3 ante el jurado que el narco para el que trabajaba en enero de 2008, Mario Pineda Villa, quien era socio de Arturo Beltr\u00e1n, le pidi\u00f3, despu\u00e9s de la captura de \u201cEl Rey\u201d, que se pusiera en contacto con un periodista que supuestamente trabajaba para el c\u00e1rtel.<\/p>\n<p style=\"text-align: justify;\">Seg\u00fan \u00c1vila, cuando \u201cEl Rey\u201d Zambada ya estaba bajo custodia, los polic\u00edas estaban diciendo por radio \u201cque quer\u00edan cambiarlo, que el gobierno quer\u00eda cambiarlo para no presentarlo (ante las autoridades judiciales)\u201d.<\/p>\n<p style=\"text-align: justify;\">\u201cMario Pineda Villa me pidi\u00f3 que hablara con un periodista que trabajaba para el c\u00e1rtel para que hiciera saber a otros periodistas lo que estaba pasando. Se lo dije a este periodista\u201d, cont\u00f3 ayer \u00c1vila antes de explicar que de esta manera lograron ejercer \u201cmucha presi\u00f3n sobre el Gobierno\u201d para que siguiera detenido.<\/p>\n<p style=\"text-align: justify;\">Sin embargo, ni ayer ni hoy fueron mencionados el nombre de los periodistas o de los medios supuestamente sobornados por los carteles, y tampoco la Fiscal\u00eda incidi\u00f3 en ese detalle.<\/p>\n<p style=\"text-align: justify;\">El relato de hoy y la trascendencia de las detenciones se enmarcan dentro de un conflicto interno en el C\u00e1rtel del Sinaloa, y que acabar\u00eda derivando en una guerra abierta entre las facciones de Joaqu\u00edn \u201cEl Chapo\u201d Guzm\u00e1n e Ismael \u201cEl Mayo\u201d Zamabada, por un lado, y el clan de los Beltr\u00e1n Leyva por el otro lado.<\/p>\n<p style=\"text-align: justify;\">\u201cEl Conejo\u201d, quien hoy calific\u00f3 su relaci\u00f3n con Arturo Beltr\u00e1n como la de un padre y su hijo, dijo que la captura de \u201cEl Rey\u201d fue organizada por Arturo Beltr\u00e1n en represalia por un intento de detenerlo a \u00e9l por parte de la Polic\u00eda Federal mexicana, pero que seg\u00fan \u00e9l hab\u00eda sido ordenada por \u201cEl Chapo\u201d y \u201cEl Mayo\u201d Zambada (hermano de \u201cEl Rey\u201d Zambada).<\/p>\n<p style=\"text-align: justify;\">La Fiscal\u00eda intenta demostrar que entre 2001 y 2012 Genaro Garc\u00eda Luna recibi\u00f3 sobornos millonarios del C\u00e1rtel de Sinaloa a cambio de informaci\u00f3n y protecci\u00f3n.<\/p>\n<p style=\"text-align: justify;\">Por su parte, los abogados del exsecretario de Seguridad P\u00fablica han armado su defensa hasta el momento con el argumento de que no hay pruebas f\u00edsicas contra su cliente y de que los testimonios de los narcotraficantes no son cre\u00edbles porque son delincuentes y si han testificado ha sido con el fin de lograr una reducci\u00f3n de sus sentencias.<\/p>\n<p style=\"text-align: justify;\"><em>) S\u00edguenos en Facebook | @<a href=\"https:\/\/www.facebook.com\/acapulcopress.news\" target=\"_blank\" rel=\"noopener\">AcapulcoPress<\/a><\/em><\/p>\n","protected":false},"excerpt":{"rendered":"<p>CIUDAD DE M\u00c9XICO * 1 de febrero de 2023. ) Efe Los medios de comunicaci\u00f3n mexicanos se han visto salpicados en el juicio por narcotr\u00e1fico contra el exsecretario de Seguridad P\u00fablica mexicano Genaro Garc\u00eda Luna, en relaci\u00f3n con la detenci\u00f3n, en enero de 2008, del capo de la droga Jes\u00fas Reynaldo Zambada, alias \u201cEl Rey\u201d&#8230;.<\/p>\n","protected":false},"author":2,"featured_media":1250531,"comment_status":"closed","ping_status":"closed","sticky":false,"template":"","format":"standard","meta":{"footnotes":""},"categories":[1997],"tags":[4182,5304,9131,9672,9673,12690,14727],"class_list":["post-1250530","post","type-post","status-publish","format-standard","has-post-thumbnail","hentry","category-noticias-destacadas","tag-arturo-beltran-leyva","tag-cartel-de-sinaloa","tag-genaro-garcia-luna","tag-harold-mauricio-poveda-ortega","tag-harold-poveda-ortega-el-conejo","tag-mario-pineda-villa","tag-policia-federal"],"_links":{"self":[{"href":"https:\/\/www.acapulcopress.com\/index.php\/wp-json\/wp\/v2\/posts\/1250530","targetHints":{"allow":["GET"]}}],"collection":[{"href":"https:\/\/www.acapulcopress.com\/index.php\/wp-json\/wp\/v2\/posts"}],"about":[{"href":"https:\/\/www.acapulcopress.com\/index.php\/wp-json\/wp\/v2\/types\/post"}],"author":[{"embeddable":true,"href":"https:\/\/www.acapulcopress.com\/index.php\/wp-json\/wp\/v2\/users\/2"}],"replies":[{"embeddable":true,"href":"https:\/\/www.acapulcopress.com\/index.php\/wp-json\/wp\/v2\/comments?post=1250530"}],"version-history":[{"count":0,"href":"https:\/\/www.acapulcopress.com\/index.php\/wp-json\/wp\/v2\/posts\/1250530\/revisions"}],"wp:featuredmedia":[{"embeddable":true,"href":"https:\/\/www.acapulcopress.com\/index.php\/wp-json\/"}],"wp:attachment":[{"href":"https:\/\/www.acapulcopress.com\/index.php\/wp-json\/wp\/v2\/media?parent=1250530"}],"wp:term":[{"taxonomy":"category","embeddable":true,"href":"https:\/\/www.acapulcopress.com\/index.php\/wp-json\/wp\/v2\/categories?post=1250530"},{"taxonomy":"post_tag","embeddable":true,"href":"https:\/\/www.acapulcopress.com\/index.php\/wp-json\/wp\/v2\/tags?post=1250530"}],"curies":[{"name":"wp","href":"https:\/\/api.w.org\/{rel}","templated":true}]}}