{"id":1250571,"date":"2023-02-02T20:55:02","date_gmt":"2023-02-03T02:55:02","guid":{"rendered":"https:\/\/www.acapulcopress.com\/?p=1250571"},"modified":"2023-02-02T20:55:02","modified_gmt":"2023-02-03T02:55:02","slug":"apoyara-semar-limpieza-y-desazolve-de-laguna-de-tuxpan-de-iguala","status":"publish","type":"post","link":"https:\/\/www.acapulcopress.com\/index.php\/2023\/02\/02\/apoyara-semar-limpieza-y-desazolve-de-laguna-de-tuxpan-de-iguala\/","title":{"rendered":"Apoyar\u00e1 Semar limpieza y desazolve de Laguna de Tuxpan de Iguala"},"content":{"rendered":"<p style=\"text-align: justify;\">CIUDAD DE M\u00c9XICO * 2 de febrero de 2023.<br \/>\n<em>) Gobierno de Guerrero<\/em><br \/>\nLa gobernadora Evelyn Salgado Pineda, sostuvo una reuni\u00f3n de trabajo con el secretario de <img loading=\"lazy\" decoding=\"async\" class=\"alignleft size-medium wp-image-1250572\" src=\"https:\/\/www.acapulcopress.com\/wp-content\/uploads\/2023\/02\/Evelyn.Seguridad-375x500.jpg\" alt=\"\" width=\"375\" height=\"500\" \/>Marina, Jos\u00e9 Rafael Ojeda Dur\u00e1n, en la que se acord\u00f3 que la Secretar\u00eda de la Marina Armada de M\u00e9xico, facilitar\u00e1 dragas marinas de succi\u00f3n y equipos complementarios para el saneamiento, desazolve y limpieza de la Laguna de Tuxpan de Iguala.<\/p>\n<p style=\"text-align: justify;\">La gesti\u00f3n de estos trabajos permitir\u00e1 recuperar la capacidad de almacenamiento de este importante cuerpo receptor de agua en la zona Norte, con pleno respeto al medio ambiente, adem\u00e1s de impulsar la actividad tur\u00edstica en beneficio de los igualtecos y visitantes.<\/p>\n<p style=\"text-align: justify;\">El gobierno del estado trabajar\u00e1 de manera estrecha y coordinada con el municipio de Iguala, para el desarrollo de estos importantes trabajos, los cuales iniciar\u00e1n en dos semanas con una duraci\u00f3n de aproximadamente dos meses para el saneamiento de la Laguna Tuxpan.<\/p>\n<p style=\"text-align: justify;\">La gobernadora Evelyn Salgado, reconoci\u00f3 la voluntad y el apoyo del secretario de Marina, Jos\u00e9 Rafael Ojeda Dur\u00e1n, con Guerrero durante este encuentro donde estuvieron presentes el secretario general de Gobierno, Ludwig Marcial Reynoso N\u00fa\u00f1ez; el Contraalmirante Javier Guardado Morado, director de Dragado de Semar, Almirante Franco Mautan y el Director de Comisi\u00f3n de Agua Potable, Alcantarillado y Saneamiento del Estado de Guerrero, Facundo Gast\u00e9lum F\u00e9lix, entre otros funcionarios estatales.<\/p>\n<p><em>) S\u00edguenos en Facebook | @<a href=\"https:\/\/www.facebook.com\/acapulcopress.news\" target=\"_blank\" rel=\"noopener\">AcapulcoPress<\/a><\/em><\/p>\n","protected":false},"excerpt":{"rendered":"<p>CIUDAD DE M\u00c9XICO * 2 de febrero de 2023. ) Gobierno de Guerrero La gobernadora Evelyn Salgado Pineda, sostuvo una reuni\u00f3n de trabajo con el secretario de Marina, Jos\u00e9 Rafael Ojeda Dur\u00e1n, en la que se acord\u00f3 que la Secretar\u00eda de la Marina Armada de M\u00e9xico, facilitar\u00e1 dragas marinas de succi\u00f3n y equipos complementarios para&#8230;<\/p>\n","protected":false},"author":2,"featured_media":1250574,"comment_status":"closed","ping_status":"closed","sticky":false,"template":"","format":"standard","meta":{"footnotes":""},"categories":[1972,1983,18561],"tags":[8251,9302,11669],"class_list":["post-1250571","post","type-post","status-publish","format-standard","has-post-thumbnail","hentry","category-special","category-guerrerogob","category-society-politics","tag-evelyn-salgado-pineda","tag-gobierno-de-guerrero","tag-laguna-de-tuxpan-iguala"],"_links":{"self":[{"href":"https:\/\/www.acapulcopress.com\/index.php\/wp-json\/wp\/v2\/posts\/1250571","targetHints":{"allow":["GET"]}}],"collection":[{"href":"https:\/\/www.acapulcopress.com\/index.php\/wp-json\/wp\/v2\/posts"}],"about":[{"href":"https:\/\/www.acapulcopress.com\/index.php\/wp-json\/wp\/v2\/types\/post"}],"author":[{"embeddable":true,"href":"https:\/\/www.acapulcopress.com\/index.php\/wp-json\/wp\/v2\/users\/2"}],"replies":[{"embeddable":true,"href":"https:\/\/www.acapulcopress.com\/index.php\/wp-json\/wp\/v2\/comments?post=1250571"}],"version-history":[{"count":0,"href":"https:\/\/www.acapulcopress.com\/index.php\/wp-json\/wp\/v2\/posts\/1250571\/revisions"}],"wp:featuredmedia":[{"embeddable":true,"href":"https:\/\/www.acapulcopress.com\/index.php\/wp-json\/"}],"wp:attachment":[{"href":"https:\/\/www.acapulcopress.com\/index.php\/wp-json\/wp\/v2\/media?parent=1250571"}],"wp:term":[{"taxonomy":"category","embeddable":true,"href":"https:\/\/www.acapulcopress.com\/index.php\/wp-json\/wp\/v2\/categories?post=1250571"},{"taxonomy":"post_tag","embeddable":true,"href":"https:\/\/www.acapulcopress.com\/index.php\/wp-json\/wp\/v2\/tags?post=1250571"}],"curies":[{"name":"wp","href":"https:\/\/api.w.org\/{rel}","templated":true}]}}