{"id":1250589,"date":"2023-02-03T20:16:45","date_gmt":"2023-02-04T02:16:45","guid":{"rendered":"https:\/\/www.acapulcopress.com\/?p=1250589"},"modified":"2023-02-03T20:16:45","modified_gmt":"2023-02-04T02:16:45","slug":"evelyn-salgado-puso-en-marcha-en-acapulco-la-estrategia-territorio-violeta","status":"publish","type":"post","link":"https:\/\/www.acapulcopress.com\/index.php\/2023\/02\/03\/evelyn-salgado-puso-en-marcha-en-acapulco-la-estrategia-territorio-violeta\/","title":{"rendered":"Evelyn Salgado puso en marcha en Acapulco la \u00abEstrategia Territorio Violeta\u00bb"},"content":{"rendered":"<p style=\"text-align: justify;\">ACAPULCO * 3 de febrero de 2023.<br \/>\n<em>) Gobierno de Guerrero<\/em><br \/>\nCon el objetivo de fortalecer la pol\u00edtica de cero tolerancia hacia la violencia contra las <img loading=\"lazy\" decoding=\"async\" class=\"alignleft size-medium wp-image-1250599\" src=\"https:\/\/www.acapulcopress.com\/wp-content\/uploads\/2023\/02\/Territorio-Violeta10-375x250.jpg\" alt=\"\" width=\"375\" height=\"250\" \/>mujeres, la gobernadora Evelyn Salgado Pineda llev\u00f3 a cabo en la calle principal de la colonia Emiliano Zapata el arranque de la Estrategia Territorio Violeta, en la que con una inversi\u00f3n de poco m\u00e1s de 1.7 millones de pesos se impulsan acciones prioritarias para garantizar la integridad y bienestar de este sector.<\/p>\n<p style=\"text-align: justify;\">Con la presencia de autoridades de los diferentes niveles de gobierno, transportistas y representantes de la sociedad civil, la mandataria estatal explic\u00f3 que Territorio Violeta es un componente del programa Protocolo Violeta, que, mediante una red de colaboraci\u00f3n y la implementaci\u00f3n de tecnolog\u00eda de primer nivel, genera espacios seguros e intervenidos de manera conjunta por la comunidad, bajo los ejes de Recuperaci\u00f3n del tejido social, Construcci\u00f3n de paz y <img loading=\"lazy\" decoding=\"async\" class=\"alignleft size-medium wp-image-1250598\" src=\"https:\/\/www.acapulcopress.com\/wp-content\/uploads\/2023\/02\/Territorio-Violeta9-375x250.jpg\" alt=\"\" width=\"375\" height=\"250\" \/>Perspectiva de g\u00e9nero.<\/p>\n<p style=\"text-align: justify;\">\u00abTerritorio Violeta es el nuevo componente de ese programa integral para la atenci\u00f3n, prevenci\u00f3n y erradicaci\u00f3n de la violencia contra las mujeres. El primer nivel de prevenci\u00f3n, atendiendo e identificando posibles casos de violencia, sensibilizando con informaci\u00f3n, con campa\u00f1as de comunicaci\u00f3n, para evitar que sucedan los casos de violencia contra las mujeres\u00bb, detall\u00f3.<\/p>\n<p style=\"text-align: justify;\">En su mensaje, la jefa del Ejecutivo estatal destac\u00f3 la labor que se ha emprendido a trav\u00e9s de esta estrategia \u00fanica en su tipo, en la que, de la mano con diversos organismos, se convierte en un agente de cambio a favor de todas las ni\u00f1as y mujeres.<\/p>\n<p style=\"text-align: justify;\">Acompa\u00f1ada por la presidenta municipal de Acapulco, Abelina L\u00f3pez Rodr\u00edguez, la <img loading=\"lazy\" decoding=\"async\" class=\"alignleft size-medium wp-image-1250597\" src=\"https:\/\/www.acapulcopress.com\/wp-content\/uploads\/2023\/02\/Territorio-Violeta8-375x250.jpg\" alt=\"\" width=\"375\" height=\"250\" \/>gobernadora dio a conocer que, para esta primera acci\u00f3n, se colocaron dos postes de seguridad, los cuales cuentan con un bot\u00f3n de emergencia y una c\u00e1mara de videovigilancia, con conexi\u00f3n al Centro de Control, Comando, C\u00f3mputo, Comunicaciones y Coordinaci\u00f3n (C5), lo que permitir\u00e1 contar con una reacci\u00f3n inmediata de los cuerpos de seguridad.<\/p>\n<p style=\"text-align: justify;\">Adem\u00e1s, se comprometi\u00f3 a que estas acciones lleguen a las ocho regiones, mediante la intervenci\u00f3n de calles, senderos, parques, escuelas y espacios p\u00fablicos estrat\u00e9gicos para generar pol\u00edgonos de confianza y seguridad.<\/p>\n<p style=\"text-align: justify;\">Tambi\u00e9n dio el banderazo de salida a una flotilla de 70 taxis que ser\u00e1n parte de la nueva modalidad de Transporte Violeta, los cuales cuentan con c\u00e1maras de vigilancia y micr\u00f3fonos <img loading=\"lazy\" decoding=\"async\" class=\"alignleft size-medium wp-image-1250596\" src=\"https:\/\/www.acapulcopress.com\/wp-content\/uploads\/2023\/02\/Territorio-Violeta7-375x250.jpg\" alt=\"\" width=\"375\" height=\"250\" \/>vinculados al C5, con choferes capacitados. De igual manera visit\u00f3 el mural que los alumnos de la Escuela Secundaria N\u00famero 6 realizaron, el cual es un s\u00edmbolo para recordar el valor de las mujeres.<\/p>\n<p style=\"text-align: justify;\">Durante su participaci\u00f3n, la presidenta municipal reconoci\u00f3 la estrategia que impulsa la gobernadora para atender este rubro y se sum\u00f3 a este trabajo coordinado. \u201cTenemos que trabajar mucho para el tema de ir a construir el tema de tejido social que justamente est\u00e1 muy lastimado. Y me da gusto que hoy podamos concurrir en este evento que vamos a hacer acciones en conjunto\u201d, dijo.<\/p>\n<p style=\"text-align: justify;\">A nombre de los beneficiarios, la transportista Sof\u00eda Gonz\u00e1lez Garc\u00eda agradeci\u00f3 a la gobernadora por todo su apoyo; reconoci\u00f3 que es la primera vez que se pone \u00e9nfasis en un <img loading=\"lazy\" decoding=\"async\" class=\"alignleft size-medium wp-image-1250594\" src=\"https:\/\/www.acapulcopress.com\/wp-content\/uploads\/2023\/02\/Territorio-Violeta5-375x250.jpg\" alt=\"\" width=\"375\" height=\"250\" \/>rubro tan importante, ofreciendo seguridad a las ni\u00f1as y mujeres. \u201cComo transportista me siento muy orgullosa de formar parte del programa Transporte Violeta, un programa que ha devuelto la confianza a los guerrerenses. Por primera vez tenemos un transporte que cuenta con perspectiva de g\u00e9nero\u201d, a\u00f1adi\u00f3.<\/p>\n<p style=\"text-align: justify;\">Asistieron a este evento el senador F\u00e9lix Salgado Macedonio; el secretario general de Gobierno, Ludwig Marcial Reynoso N\u00fa\u00f1ez; el secretario t\u00e9cnico de la gobernadora, Pablo Gordillo Oliveros; la delegada de la colonia Zapata, Mar\u00eda Luisa Jim\u00e9nez Mart\u00ednez; el estudiante Cristopher Dasaev Valadez Castro,\u00a0entre\u00a0otros.<\/p>\n<p><img loading=\"lazy\" decoding=\"async\" class=\"alignnone wp-image-1250591 size-large\" src=\"https:\/\/www.acapulcopress.com\/wp-content\/uploads\/2023\/02\/Territorio-Violeta2-840x550.jpg\" alt=\"\" width=\"696\" height=\"456\" \/><\/p>\n<p style=\"text-align: justify;\"><em>) S\u00edguenos en Facebook | @<a href=\"https:\/\/www.facebook.com\/acapulcopress.news\" target=\"_blank\" rel=\"noopener\">AcapulcoPress<\/a><\/em><\/p>\n","protected":false},"excerpt":{"rendered":"<p>ACAPULCO * 3 de febrero de 2023. ) Gobierno de Guerrero Con el objetivo de fortalecer la pol\u00edtica de cero tolerancia hacia la violencia contra las mujeres, la gobernadora Evelyn Salgado Pineda llev\u00f3 a cabo en la calle principal de la colonia Emiliano Zapata el arranque de la Estrategia Territorio Violeta, en la que con&#8230;<\/p>\n","protected":false},"author":2,"featured_media":1250592,"comment_status":"closed","ping_status":"closed","sticky":false,"template":"","format":"standard","meta":{"footnotes":""},"categories":[1972,1983,18561],"tags":[8195,8251,9302],"class_list":["post-1250589","post","type-post","status-publish","format-standard","has-post-thumbnail","hentry","category-special","category-guerrerogob","category-society-politics","tag-estrategia-territorio-violeta","tag-evelyn-salgado-pineda","tag-gobierno-de-guerrero"],"_links":{"self":[{"href":"https:\/\/www.acapulcopress.com\/index.php\/wp-json\/wp\/v2\/posts\/1250589","targetHints":{"allow":["GET"]}}],"collection":[{"href":"https:\/\/www.acapulcopress.com\/index.php\/wp-json\/wp\/v2\/posts"}],"about":[{"href":"https:\/\/www.acapulcopress.com\/index.php\/wp-json\/wp\/v2\/types\/post"}],"author":[{"embeddable":true,"href":"https:\/\/www.acapulcopress.com\/index.php\/wp-json\/wp\/v2\/users\/2"}],"replies":[{"embeddable":true,"href":"https:\/\/www.acapulcopress.com\/index.php\/wp-json\/wp\/v2\/comments?post=1250589"}],"version-history":[{"count":0,"href":"https:\/\/www.acapulcopress.com\/index.php\/wp-json\/wp\/v2\/posts\/1250589\/revisions"}],"wp:featuredmedia":[{"embeddable":true,"href":"https:\/\/www.acapulcopress.com\/index.php\/wp-json\/"}],"wp:attachment":[{"href":"https:\/\/www.acapulcopress.com\/index.php\/wp-json\/wp\/v2\/media?parent=1250589"}],"wp:term":[{"taxonomy":"category","embeddable":true,"href":"https:\/\/www.acapulcopress.com\/index.php\/wp-json\/wp\/v2\/categories?post=1250589"},{"taxonomy":"post_tag","embeddable":true,"href":"https:\/\/www.acapulcopress.com\/index.php\/wp-json\/wp\/v2\/tags?post=1250589"}],"curies":[{"name":"wp","href":"https:\/\/api.w.org\/{rel}","templated":true}]}}